{"links": [{"rel": "self", "href": "https://opendata.comune.bologna.it/api/v2/catalog/datasets/elezioni-amministrative-2016-consigli-circoscrizionali-quartiere-porto-saragozza"}, {"rel": "datasets", "href": "https://opendata.comune.bologna.it/api/v2/catalog/datasets"}, {"rel": "records", "href": "https://opendata.comune.bologna.it/api/v2/catalog/datasets/elezioni-amministrative-2016-consigli-circoscrizionali-quartiere-porto-saragozza/records"}, {"rel": "exports", "href": "https://opendata.comune.bologna.it/api/v2/catalog/datasets/elezioni-amministrative-2016-consigli-circoscrizionali-quartiere-porto-saragozza/exports"}, {"rel": "facets", "href": "https://opendata.comune.bologna.it/api/v2/catalog/datasets/elezioni-amministrative-2016-consigli-circoscrizionali-quartiere-porto-saragozza/facets"}], "dataset": {"visibility": "domain", "dataset_id": "elezioni-amministrative-2016-consigli-circoscrizionali-quartiere-porto-saragozza", "dataset_uid": "da_32p2cd", "has_records": true, "features": ["analyze"], "attachments": [], "alternative_exports": [], "data_visible": true, "fields": [{"name": "sezione", "description": "Numero della sezione elettorale", "annotations": {}, "label": "SEZIONE", "type": "int", "label_it": "SEZIONE", "label_en": "SEZIONE", "description_it": "Numero della sezione elettorale", "description_en": "Numero della sezione elettorale"}, {"name": "iscritti", "description": "Numero iscritti al voto", "annotations": {}, "label": "ISCRITTI", "type": "int", "label_it": "ISCRITTI", "label_en": "ISCRITTI", "description_it": "Numero iscritti al voto", "description_en": "Numero iscritti al voto"}, {"name": "quartiere", "description": "Nome quartiere", "annotations": {}, "label": "QUARTIERE", "type": "text", "label_it": "QUARTIERE", "label_en": "QUARTIERE", "description_it": "Nome quartiere", "description_en": "Nome quartiere"}, {"name": "zona", "description": "Nome zona", "annotations": {"facet": true}, "label": "ZONA", "type": "text", "label_it": "ZONA", "label_en": "ZONA", "description_it": "Nome zona", "description_en": "Nome zona"}, {"name": "vecchia_denominazione_quartiere", "description": "Precedente denominazione quartiere", "annotations": {}, "label": "VECCHIA DENOMINAZIONE QUARTIERE", "type": "text", "label_it": "VECCHIA DENOMINAZIONE QUARTIERE", "label_en": "VECCHIA DENOMINAZIONE QUARTIERE", "description_it": "Precedente denominazione quartiere", "description_en": "Precedente denominazione quartiere"}, {"name": "centro_destra_maurizio_callea", "description": null, "annotations": {}, "label": "CENTRO DESTRA-MAURIZIO CALLEA", "type": "int", "label_it": "CENTRO DESTRA-MAURIZIO CALLEA", "label_en": "CENTRO DESTRA-MAURIZIO CALLEA", "description_it": null, "description_en": null}, {"name": "centro_destra_sharon_amadesi", "description": null, "annotations": {}, "label": "CENTRO DESTRA-SHARON AMADESI", "type": "int", "label_it": "CENTRO DESTRA-SHARON AMADESI", "label_en": "CENTRO DESTRA-SHARON AMADESI", "description_it": null, "description_en": null}, {"name": "centro_destra_nicolo_andrioli", "description": null, "annotations": {}, "label": "CENTRO DESTRA-NICOLO' ANDRIOLI", "type": "int", "label_it": "CENTRO DESTRA-NICOLO' ANDRIOLI", "label_en": "CENTRO DESTRA-NICOLO' ANDRIOLI", "description_it": null, "description_en": null}, {"name": "centro_destra_dalila_jolanda", "description": null, "annotations": {}, "label": "CENTRO DESTRA-DALILA JOLANDA", "type": "int", "label_it": "CENTRO DESTRA-DALILA JOLANDA", "label_en": "CENTRO DESTRA-DALILA JOLANDA", "description_it": null, "description_en": null}, {"name": "centro_destra_valeria_bellettini", "description": null, "annotations": {}, "label": "CENTRO DESTRA-VALERIA BELLETTINI", "type": "int", "label_it": "CENTRO DESTRA-VALERIA BELLETTINI", "label_en": "CENTRO DESTRA-VALERIA BELLETTINI", "description_it": null, "description_en": null}, {"name": "centro_destra_fabio_brinati", "description": null, "annotations": {}, "label": "CENTRO DESTRA-FABIO BRINATI", "type": "int", "label_it": "CENTRO DESTRA-FABIO BRINATI", "label_en": "CENTRO DESTRA-FABIO BRINATI", "description_it": null, "description_en": null}, {"name": "centro_destra_enrico_cevolani", "description": null, "annotations": {}, "label": "CENTRO DESTRA-ENRICO CEVOLANI", "type": "int", "label_it": "CENTRO DESTRA-ENRICO CEVOLANI", "label_en": "CENTRO DESTRA-ENRICO CEVOLANI", "description_it": null, "description_en": null}, {"name": "centro_destra_vincenzo_contemi", "description": null, "annotations": {}, "label": "CENTRO DESTRA-VINCENZO CONTEMI", "type": "int", "label_it": "CENTRO DESTRA-VINCENZO CONTEMI", "label_en": "CENTRO DESTRA-VINCENZO CONTEMI", "description_it": null, "description_en": null}, {"name": "centro_destra_paola_girolami", "description": null, "annotations": {}, "label": "CENTRO DESTRA-PAOLA GIROLAMI", "type": "int", "label_it": "CENTRO DESTRA-PAOLA GIROLAMI", "label_en": "CENTRO DESTRA-PAOLA GIROLAMI", "description_it": null, "description_en": null}, {"name": "centro_destra_marco_grandi", "description": null, "annotations": {}, "label": "CENTRO DESTRA-MARCO GRANDI", "type": "int", "label_it": "CENTRO DESTRA-MARCO GRANDI", "label_en": "CENTRO DESTRA-MARCO GRANDI", "description_it": null, "description_en": null}, {"name": "centro_destra_massimo_guizzardi", "description": null, "annotations": {}, "label": "CENTRO DESTRA-MASSIMO GUIZZARDI", "type": "int", "label_it": "CENTRO DESTRA-MASSIMO GUIZZARDI", "label_en": "CENTRO DESTRA-MASSIMO GUIZZARDI", "description_it": null, "description_en": null}, {"name": "centro_destra_alessandro_lucia_detto", "description": null, "annotations": {}, "label": "CENTRO DESTRA-ALESSANDRO LUCIA (DETTO", "type": "int", "label_it": "CENTRO DESTRA-ALESSANDRO LUCIA (DETTO", "label_en": "CENTRO DESTRA-ALESSANDRO LUCIA (DETTO", "description_it": null, "description_en": null}, {"name": "centro_destra_francesco_nadalini", "description": null, "annotations": {}, "label": "CENTRO DESTRA-FRANCESCO NADALINI", "type": "int", "label_it": "CENTRO DESTRA-FRANCESCO NADALINI", "label_en": "CENTRO DESTRA-FRANCESCO NADALINI", "description_it": null, "description_en": null}, {"name": "centro_destra_renata_salvarani", "description": null, "annotations": {}, "label": "CENTRO DESTRA-RENATA SALVARANI", "type": "int", "label_it": "CENTRO DESTRA-RENATA SALVARANI", "label_en": "CENTRO DESTRA-RENATA SALVARANI", "description_it": null, "description_en": null}, {"name": "centro_destra_giovanni_scarpulla", "description": null, "annotations": {}, "label": "CENTRO DESTRA-GIOVANNI SCARPULLA", "type": "int", "label_it": "CENTRO DESTRA-GIOVANNI SCARPULLA", "label_en": "CENTRO DESTRA-GIOVANNI SCARPULLA", "description_it": null, "description_en": null}, {"name": "uniti_si_vince_marco_mingrone", "description": null, "annotations": {}, "label": "UNITI SI VINCE-MARCO MINGRONE", "type": "int", "label_it": "UNITI SI VINCE-MARCO MINGRONE", "label_en": "UNITI SI VINCE-MARCO MINGRONE", "description_it": null, "description_en": null}, {"name": "uniti_si_vince_michele_facci", "description": null, "annotations": {}, "label": "UNITI SI VINCE-MICHELE FACCI", "type": "int", "label_it": "UNITI SI VINCE-MICHELE FACCI", "label_en": "UNITI SI VINCE-MICHELE FACCI", "description_it": null, "description_en": null}, {"name": "uniti_si_vince_antonio_cappelletti", "description": null, "annotations": {}, "label": "UNITI SI VINCE-ANTONIO CAPPELLETTI", "type": "int", "label_it": "UNITI SI VINCE-ANTONIO CAPPELLETTI", "label_en": "UNITI SI VINCE-ANTONIO CAPPELLETTI", "description_it": null, "description_en": null}, {"name": "uniti_si_vince_simone_alcione", "description": null, "annotations": {}, "label": "UNITI SI VINCE-SIMONE ALCIONE", "type": "int", "label_it": "UNITI SI VINCE-SIMONE ALCIONE", "label_en": "UNITI SI VINCE-SIMONE ALCIONE", "description_it": null, "description_en": null}, {"name": "uniti_si_vince_stefano_camisa", "description": null, "annotations": {}, "label": "UNITI SI VINCE-STEFANO CAMISA", "type": "int", "label_it": "UNITI SI VINCE-STEFANO CAMISA", "label_en": "UNITI SI VINCE-STEFANO CAMISA", "description_it": null, "description_en": null}, {"name": "uniti_si_vince_francesco_leccese", "description": null, "annotations": {}, "label": "UNITI SI VINCE-FRANCESCO LECCESE", "type": "int", "label_it": "UNITI SI VINCE-FRANCESCO LECCESE", "label_en": "UNITI SI VINCE-FRANCESCO LECCESE", "description_it": null, "description_en": null}, {"name": "uniti_si_vince_mario_vanelli", "description": null, "annotations": {}, "label": "UNITI SI VINCE-MARIO VANELLI", "type": "int", "label_it": "UNITI SI VINCE-MARIO VANELLI", "label_en": "UNITI SI VINCE-MARIO VANELLI", "description_it": null, "description_en": null}, {"name": "uniti_si_vince_patrizia_di_stefano", "description": null, "annotations": {}, "label": "UNITI SI VINCE-PATRIZIA DI STEFANO", "type": "int", "label_it": "UNITI SI VINCE-PATRIZIA DI STEFANO", "label_en": "UNITI SI VINCE-PATRIZIA DI STEFANO", "description_it": null, "description_en": null}, {"name": "uniti_si_vince_fabiana_fiorini", "description": null, "annotations": {}, "label": "UNITI SI VINCE-FABIANA FIORINI", "type": "int", "label_it": "UNITI SI VINCE-FABIANA FIORINI", "label_en": "UNITI SI VINCE-FABIANA FIORINI", "description_it": null, "description_en": null}, {"name": "uniti_si_vince_laura_frazzoni", "description": null, "annotations": {}, "label": "UNITI SI VINCE-LAURA FRAZZONI", "type": "int", "label_it": "UNITI SI VINCE-LAURA FRAZZONI", "label_en": "UNITI SI VINCE-LAURA FRAZZONI", "description_it": null, "description_en": null}, {"name": "uniti_si_vince_gabriele_gamberi", "description": null, "annotations": {}, "label": "UNITI SI VINCE-GABRIELE GAMBERI", "type": "int", "label_it": "UNITI SI VINCE-GABRIELE GAMBERI", "label_en": "UNITI SI VINCE-GABRIELE GAMBERI", "description_it": null, "description_en": null}, {"name": "uniti_si_vince_mirella_natali", "description": null, "annotations": {}, "label": "UNITI SI VINCE-MIRELLA NATALI", "type": "int", "label_it": "UNITI SI VINCE-MIRELLA NATALI", "label_en": "UNITI SI VINCE-MIRELLA NATALI", "description_it": null, "description_en": null}, {"name": "uniti_si_vince_francesca_grazia", "description": null, "annotations": {}, "label": "UNITI SI VINCE-FRANCESCA GRAZIA", "type": "int", "label_it": "UNITI SI VINCE-FRANCESCA GRAZIA", "label_en": "UNITI SI VINCE-FRANCESCA GRAZIA", "description_it": null, "description_en": null}, {"name": "uniti_si_vince_luana_ercolessi", "description": null, "annotations": {}, "label": "UNITI SI VINCE-LUANA ERCOLESSI", "type": "int", "label_it": "UNITI SI VINCE-LUANA ERCOLESSI", "label_en": "UNITI SI VINCE-LUANA ERCOLESSI", "description_it": null, "description_en": null}, {"name": "uniti_si_vince_gianni_landi", "description": null, "annotations": {}, "label": "UNITI SI VINCE-GIANNI LANDI", "type": "int", "label_it": "UNITI SI VINCE-GIANNI LANDI", "label_en": "UNITI SI VINCE-GIANNI LANDI", "description_it": null, "description_en": null}, {"name": "coalizione_civica_fausto_tomei", "description": null, "annotations": {}, "label": "COALIZIONE CIVICA-FAUSTO TOMEI", "type": "int", "label_it": "COALIZIONE CIVICA-FAUSTO TOMEI", "label_en": "COALIZIONE CIVICA-FAUSTO TOMEI", "description_it": null, "description_en": null}, {"name": "coalizione_civica_aura_cadeddu", "description": null, "annotations": {}, "label": "COALIZIONE CIVICA-AURA CADEDDU", "type": "int", "label_it": "COALIZIONE CIVICA-AURA CADEDDU", "label_en": "COALIZIONE CIVICA-AURA CADEDDU", "description_it": null, "description_en": null}, {"name": "coalizione_civica_eleonora_cerioni", "description": null, "annotations": {}, "label": "COALIZIONE CIVICA-ELEONORA CERIONI", "type": "int", "label_it": "COALIZIONE CIVICA-ELEONORA CERIONI", "label_en": "COALIZIONE CIVICA-ELEONORA CERIONI", "description_it": null, "description_en": null}, {"name": "coalizione_civica_giulia_cremante", "description": null, "annotations": {}, "label": "COALIZIONE CIVICA-GIULIA CREMANTE", "type": "int", "label_it": "COALIZIONE CIVICA-GIULIA CREMANTE", "label_en": "COALIZIONE CIVICA-GIULIA CREMANTE", "description_it": null, "description_en": null}, {"name": "coalizione_civica_agnese_doria", "description": null, "annotations": {}, "label": "COALIZIONE CIVICA-AGNESE DORIA", "type": "int", "label_it": "COALIZIONE CIVICA-AGNESE DORIA", "label_en": "COALIZIONE CIVICA-AGNESE DORIA", "description_it": null, "description_en": null}, {"name": "coalizione_civica_klejdia_lazri", "description": null, "annotations": {}, "label": "COALIZIONE CIVICA-KLEJDIA LAZRI", "type": "int", "label_it": "COALIZIONE CIVICA-KLEJDIA LAZRI", "label_en": "COALIZIONE CIVICA-KLEJDIA LAZRI", "description_it": null, "description_en": null}, {"name": "coalizione_civica_stefania_piccinelli", "description": null, "annotations": {}, "label": "COALIZIONE CIVICA-STEFANIA PICCINELLI", "type": "int", "label_it": "COALIZIONE CIVICA-STEFANIA PICCINELLI", "label_en": "COALIZIONE CIVICA-STEFANIA PICCINELLI", "description_it": null, "description_en": null}, {"name": "coalizione_civica_cristina_sedda", "description": null, "annotations": {}, "label": "COALIZIONE CIVICA-CRISTINA SEDDA", "type": "int", "label_it": "COALIZIONE CIVICA-CRISTINA SEDDA", "label_en": "COALIZIONE CIVICA-CRISTINA SEDDA", "description_it": null, "description_en": null}, {"name": "coalizione_civica_federico_grazzini", "description": null, "annotations": {}, "label": "COALIZIONE CIVICA-FEDERICO GRAZZINI", "type": "int", "label_it": "COALIZIONE CIVICA-FEDERICO GRAZZINI", "label_en": "COALIZIONE CIVICA-FEDERICO GRAZZINI", "description_it": null, "description_en": null}, {"name": "coalizione_civica_simone_bonetti", "description": null, "annotations": {}, "label": "COALIZIONE CIVICA-SIMONE BONETTI", "type": "int", "label_it": "COALIZIONE CIVICA-SIMONE BONETTI", "label_en": "COALIZIONE CIVICA-SIMONE BONETTI", "description_it": null, "description_en": null}, {"name": "coalizione_civica_giuseppe_buzzi", "description": null, "annotations": {}, "label": "COALIZIONE CIVICA-GIUSEPPE BUZZI", "type": "int", "label_it": "COALIZIONE CIVICA-GIUSEPPE BUZZI", "label_en": "COALIZIONE CIVICA-GIUSEPPE BUZZI", "description_it": null, "description_en": null}, {"name": "coalizione_civica_valerio_manzi", "description": null, "annotations": {}, "label": "COALIZIONE CIVICA-VALERIO MANZI", "type": "int", "label_it": "COALIZIONE CIVICA-VALERIO MANZI", "label_en": "COALIZIONE CIVICA-VALERIO MANZI", "description_it": null, "description_en": null}, {"name": "coalizione_civica_ciro_rinaldi", "description": null, "annotations": {}, "label": "COALIZIONE CIVICA-CIRO RINALDI", "type": "int", "label_it": "COALIZIONE CIVICA-CIRO RINALDI", "label_en": "COALIZIONE CIVICA-CIRO RINALDI", "description_it": null, "description_en": null}, {"name": "coalizione_civica_piergiorgio_rocchi", "description": null, "annotations": {}, "label": "COALIZIONE CIVICA-PIERGIORGIO ROCCHI", "type": "int", "label_it": "COALIZIONE CIVICA-PIERGIORGIO ROCCHI", "label_en": "COALIZIONE CIVICA-PIERGIORGIO ROCCHI", "description_it": null, "description_en": null}, {"name": "coalizione_civica_leonardo_pio", "description": null, "annotations": {}, "label": "COALIZIONE CIVICA-LEONARDO PIO", "type": "int", "label_it": "COALIZIONE CIVICA-LEONARDO PIO", "label_en": "COALIZIONE CIVICA-LEONARDO PIO", "description_it": null, "description_en": null}, {"name": "giustizia_onore_liberta_rachele_battista", "description": null, "annotations": {}, "label": "GIUSTIZIA ONORE LIBERTA'-RACHELE BATTISTA", "type": "int", "label_it": "GIUSTIZIA ONORE LIBERTA'-RACHELE BATTISTA", "label_en": "GIUSTIZIA ONORE LIBERTA'-RACHELE BATTISTA", "description_it": null, "description_en": null}, {"name": "giustizia_onore_liberta_concetta_zitarosa", "description": null, "annotations": {}, "label": "GIUSTIZIA ONORE LIBERTA'-CONCETTA ZITAROSA", "type": "int", "label_it": "GIUSTIZIA ONORE LIBERTA'-CONCETTA ZITAROSA", "label_en": "GIUSTIZIA ONORE LIBERTA'-CONCETTA ZITAROSA", "description_it": null, "description_en": null}, {"name": "giustizia_onore_liberta_rosanna_righini", "description": null, "annotations": {}, "label": "GIUSTIZIA ONORE LIBERTA'-ROSANNA RIGHINI", "type": "int", "label_it": "GIUSTIZIA ONORE LIBERTA'-ROSANNA RIGHINI", "label_en": "GIUSTIZIA ONORE LIBERTA'-ROSANNA RIGHINI", "description_it": null, "description_en": null}, {"name": "giustizia_onore_liberta_roberto_boldrini", "description": null, "annotations": {}, "label": "GIUSTIZIA ONORE LIBERTA'-ROBERTO BOLDRINI", "type": "int", "label_it": "GIUSTIZIA ONORE LIBERTA'-ROBERTO BOLDRINI", "label_en": "GIUSTIZIA ONORE LIBERTA'-ROBERTO BOLDRINI", "description_it": null, "description_en": null}, {"name": "giustizia_onore_liberta_giulio_capone", "description": null, "annotations": {}, "label": "GIUSTIZIA ONORE LIBERTA'-GIULIO CAPONE", "type": "int", "label_it": "GIUSTIZIA ONORE LIBERTA'-GIULIO CAPONE", "label_en": "GIUSTIZIA ONORE LIBERTA'-GIULIO CAPONE", "description_it": null, "description_en": null}, {"name": "giustizia_onore_liberta_massimo_di_marco", "description": null, "annotations": {}, "label": "GIUSTIZIA ONORE LIBERTA'-MASSIMO DI MARCO", "type": "int", "label_it": "GIUSTIZIA ONORE LIBERTA'-MASSIMO DI MARCO", "label_en": "GIUSTIZIA ONORE LIBERTA'-MASSIMO DI MARCO", "description_it": null, "description_en": null}, {"name": "giustizia_onore_liberta_moreno_tomesani", "description": null, "annotations": {}, "label": "GIUSTIZIA ONORE LIBERTA'-MORENO TOMESANI", "type": "int", "label_it": "GIUSTIZIA ONORE LIBERTA'-MORENO TOMESANI", "label_en": "GIUSTIZIA ONORE LIBERTA'-MORENO TOMESANI", "description_it": null, "description_en": null}, {"name": "giustizia_onore_liberta_pietro_cavataio", "description": null, "annotations": {}, "label": "GIUSTIZIA ONORE LIBERTA'-PIETRO CAVATAIO", "type": "int", "label_it": "GIUSTIZIA ONORE LIBERTA'-PIETRO CAVATAIO", "label_en": "GIUSTIZIA ONORE LIBERTA'-PIETRO CAVATAIO", "description_it": null, "description_en": null}, {"name": "giustizia_onore_liberta_stefano_alberi", "description": null, "annotations": {}, "label": "GIUSTIZIA ONORE LIBERTA'-STEFANO ALBERI", "type": "int", "label_it": "GIUSTIZIA ONORE LIBERTA'-STEFANO ALBERI", "label_en": "GIUSTIZIA ONORE LIBERTA'-STEFANO ALBERI", "description_it": null, "description_en": null}, {"name": "giustizia_onore_liberta_marisa_lapico", "description": null, "annotations": {}, "label": "GIUSTIZIA ONORE LIBERTA'-MARISA LAPICO", "type": "int", "label_it": "GIUSTIZIA ONORE LIBERTA'-MARISA LAPICO", "label_en": "GIUSTIZIA ONORE LIBERTA'-MARISA LAPICO", "description_it": null, "description_en": null}, {"name": "il_popolo_della_famiglia_norma_tarozzi", "description": null, "annotations": {}, "label": "IL POPOLO DELLA FAMIGLIA-NORMA TAROZZI", "type": "int", "label_it": "IL POPOLO DELLA FAMIGLIA-NORMA TAROZZI", "label_en": "IL POPOLO DELLA FAMIGLIA-NORMA TAROZZI", "description_it": null, "description_en": null}, {"name": "il_popolo_della_famiglia_paolo_de_fraia", "description": null, "annotations": {}, "label": "IL POPOLO DELLA FAMIGLIA-PAOLO DE FRAIA", "type": "int", "label_it": "IL POPOLO DELLA FAMIGLIA-PAOLO DE FRAIA", "label_en": "IL POPOLO DELLA FAMIGLIA-PAOLO DE FRAIA", "description_it": null, "description_en": null}, {"name": "il_popolo_della_famiglia_alessandro_andalo", "description": null, "annotations": {}, "label": "IL POPOLO DELLA FAMIGLIA-ALESSANDRO ANDALO'", "type": "int", "label_it": "IL POPOLO DELLA FAMIGLIA-ALESSANDRO ANDALO'", "label_en": "IL POPOLO DELLA FAMIGLIA-ALESSANDRO ANDALO'", "description_it": null, "description_en": null}, {"name": "il_popolo_della_famiglia_disolina_nanni", "description": null, "annotations": {}, "label": "IL POPOLO DELLA FAMIGLIA-DISOLINA NANNI", "type": "int", "label_it": "IL POPOLO DELLA FAMIGLIA-DISOLINA NANNI", "label_en": "IL POPOLO DELLA FAMIGLIA-DISOLINA NANNI", "description_it": null, "description_en": null}, {"name": "il_popolo_della_famiglia_andrea_nepoti", "description": null, "annotations": {}, "label": "IL POPOLO DELLA FAMIGLIA-ANDREA NEPOTI", "type": "int", "label_it": "IL POPOLO DELLA FAMIGLIA-ANDREA NEPOTI", "label_en": "IL POPOLO DELLA FAMIGLIA-ANDREA NEPOTI", "description_it": null, "description_en": null}, {"name": "il_popolo_della_famiglia_anna_maria_picotti", "description": null, "annotations": {}, "label": "IL POPOLO DELLA FAMIGLIA-ANNA MARIA PICOTTI", "type": "int", "label_it": "IL POPOLO DELLA FAMIGLIA-ANNA MARIA PICOTTI", "label_en": "IL POPOLO DELLA FAMIGLIA-ANNA MARIA PICOTTI", "description_it": null, "description_en": null}, {"name": "il_popolo_della_famiglia_paolo_rodella", "description": null, "annotations": {}, "label": "IL POPOLO DELLA FAMIGLIA-PAOLO RODELLA", "type": "int", "label_it": "IL POPOLO DELLA FAMIGLIA-PAOLO RODELLA", "label_en": "IL POPOLO DELLA FAMIGLIA-PAOLO RODELLA", "description_it": null, "description_en": null}, {"name": "il_popolo_della_famiglia_valentino_venturi", "description": null, "annotations": {}, "label": "IL POPOLO DELLA FAMIGLIA-VALENTINO VENTURI", "type": "int", "label_it": "IL POPOLO DELLA FAMIGLIA-VALENTINO VENTURI", "label_en": "IL POPOLO DELLA FAMIGLIA-VALENTINO VENTURI", "description_it": null, "description_en": null}, {"name": "il_popolo_della_famiglia_camilla_vecchietti", "description": null, "annotations": {}, "label": "IL POPOLO DELLA FAMIGLIA-CAMILLA VECCHIETTI", "type": "int", "label_it": "IL POPOLO DELLA FAMIGLIA-CAMILLA VECCHIETTI", "label_en": "IL POPOLO DELLA FAMIGLIA-CAMILLA VECCHIETTI", "description_it": null, "description_en": null}, {"name": "il_popolo_della_famiglia_eduardo_verre", "description": null, "annotations": {}, "label": "IL POPOLO DELLA FAMIGLIA-EDUARDO VERRE", "type": "int", "label_it": "IL POPOLO DELLA FAMIGLIA-EDUARDO VERRE", "label_en": "IL POPOLO DELLA FAMIGLIA-EDUARDO VERRE", "description_it": null, "description_en": null}, {"name": "movimento_5_stelle_beppegrillo_it_diletta_de_bernardini", "description": null, "annotations": {}, "label": "MOVIMENTO 5 STELLE BEPPEGRILLO.IT-DILETTA DE BERNARDINI", "type": "int", "label_it": "MOVIMENTO 5 STELLE BEPPEGRILLO.IT-DILETTA DE BERNARDINI", "label_en": "MOVIMENTO 5 STELLE BEPPEGRILLO.IT-DILETTA DE BERNARDINI", "description_it": null, "description_en": null}, {"name": "movimento_5_stelle_beppegrillo_it_roberta_pisu", "description": null, "annotations": {}, "label": "MOVIMENTO 5 STELLE BEPPEGRILLO.IT-ROBERTA PISU", "type": "int", "label_it": "MOVIMENTO 5 STELLE BEPPEGRILLO.IT-ROBERTA PISU", "label_en": "MOVIMENTO 5 STELLE BEPPEGRILLO.IT-ROBERTA PISU", "description_it": null, "description_en": null}, {"name": "movimento_5_stelle_beppegrillo_it_eros_ansaloni", "description": null, "annotations": {}, "label": "MOVIMENTO 5 STELLE BEPPEGRILLO.IT-EROS ANSALONI", "type": "int", "label_it": "MOVIMENTO 5 STELLE BEPPEGRILLO.IT-EROS ANSALONI", "label_en": "MOVIMENTO 5 STELLE BEPPEGRILLO.IT-EROS ANSALONI", "description_it": null, "description_en": null}, {"name": "movimento_5_stelle_beppegrillo_it_andrea_cattani", "description": null, "annotations": {}, "label": "MOVIMENTO 5 STELLE BEPPEGRILLO.IT-ANDREA CATTANI", "type": "int", "label_it": "MOVIMENTO 5 STELLE BEPPEGRILLO.IT-ANDREA CATTANI", "label_en": "MOVIMENTO 5 STELLE BEPPEGRILLO.IT-ANDREA CATTANI", "description_it": null, "description_en": null}, {"name": "movimento_5_stelle_beppegrillo_it_ettore_borghesan", "description": null, "annotations": {}, "label": "MOVIMENTO 5 STELLE BEPPEGRILLO.IT-ETTORE BORGHESAN", "type": "int", "label_it": "MOVIMENTO 5 STELLE BEPPEGRILLO.IT-ETTORE BORGHESAN", "label_en": "MOVIMENTO 5 STELLE BEPPEGRILLO.IT-ETTORE BORGHESAN", "description_it": null, "description_en": null}, {"name": "movimento_5_stelle_beppegrillo_it_vanessa_tradii", "description": null, "annotations": {}, "label": "MOVIMENTO 5 STELLE BEPPEGRILLO.IT-VANESSA TRADII", "type": "int", "label_it": "MOVIMENTO 5 STELLE BEPPEGRILLO.IT-VANESSA TRADII", "label_en": "MOVIMENTO 5 STELLE BEPPEGRILLO.IT-VANESSA TRADII", "description_it": null, "description_en": null}, {"name": "movimento_5_stelle_beppegrillo_it_stefano_cavalieri", "description": null, "annotations": {}, "label": "MOVIMENTO 5 STELLE BEPPEGRILLO.IT-STEFANO CAVALIERI", "type": "int", "label_it": "MOVIMENTO 5 STELLE BEPPEGRILLO.IT-STEFANO CAVALIERI", "label_en": "MOVIMENTO 5 STELLE BEPPEGRILLO.IT-STEFANO CAVALIERI", "description_it": null, "description_en": null}, {"name": "movimento_5_stelle_beppegrillo_it_mirko_ventura", "description": null, "annotations": {}, "label": "MOVIMENTO 5 STELLE BEPPEGRILLO.IT-MIRKO VENTURA", "type": "int", "label_it": "MOVIMENTO 5 STELLE BEPPEGRILLO.IT-MIRKO VENTURA", "label_en": "MOVIMENTO 5 STELLE BEPPEGRILLO.IT-MIRKO VENTURA", "description_it": null, "description_en": null}, {"name": "movimento_5_stelle_beppegrillo_it_danilo_faggiolino", "description": null, "annotations": {}, "label": "MOVIMENTO 5 STELLE BEPPEGRILLO.IT-DANILO FAGGIOLINO", "type": "int", "label_it": "MOVIMENTO 5 STELLE BEPPEGRILLO.IT-DANILO FAGGIOLINO", "label_en": "MOVIMENTO 5 STELLE BEPPEGRILLO.IT-DANILO FAGGIOLINO", "description_it": null, "description_en": null}, {"name": "movimento_5_stelle_beppegrillo_it_luciano_gargana", "description": null, "annotations": {}, "label": "MOVIMENTO 5 STELLE BEPPEGRILLO.IT-LUCIANO GARGANA", "type": "int", "label_it": "MOVIMENTO 5 STELLE BEPPEGRILLO.IT-LUCIANO GARGANA", "label_en": "MOVIMENTO 5 STELLE BEPPEGRILLO.IT-LUCIANO GARGANA", "description_it": null, "description_en": null}, {"name": "movimento_5_stelle_beppegrillo_it_chiara_mattioli", "description": null, "annotations": {}, "label": "MOVIMENTO 5 STELLE BEPPEGRILLO.IT-CHIARA MATTIOLI", "type": "int", "label_it": "MOVIMENTO 5 STELLE BEPPEGRILLO.IT-CHIARA MATTIOLI", "label_en": "MOVIMENTO 5 STELLE BEPPEGRILLO.IT-CHIARA MATTIOLI", "description_it": null, "description_en": null}, {"name": "movimento_5_stelle_beppegrillo_it_silvia_taroni", "description": null, "annotations": {}, "label": "MOVIMENTO 5 STELLE BEPPEGRILLO.IT-SILVIA TARONI", "type": "int", "label_it": "MOVIMENTO 5 STELLE BEPPEGRILLO.IT-SILVIA TARONI", "label_en": "MOVIMENTO 5 STELLE BEPPEGRILLO.IT-SILVIA TARONI", "description_it": null, "description_en": null}, {"name": "insieme_bologna_vincenzo_ritacca", "description": null, "annotations": {}, "label": "INSIEME BOLOGNA-VINCENZO RITACCA", "type": "int", "label_it": "INSIEME BOLOGNA-VINCENZO RITACCA", "label_en": "INSIEME BOLOGNA-VINCENZO RITACCA", "description_it": null, "description_en": null}, {"name": "insieme_bologna_martina_giannangeli", "description": null, "annotations": {}, "label": "INSIEME BOLOGNA-MARTINA GIANNANGELI", "type": "int", "label_it": "INSIEME BOLOGNA-MARTINA GIANNANGELI", "label_en": "INSIEME BOLOGNA-MARTINA GIANNANGELI", "description_it": null, "description_en": null}, {"name": "insieme_bologna_franca_foschini", "description": null, "annotations": {}, "label": "INSIEME BOLOGNA-FRANCA FOSCHINI", "type": "int", "label_it": "INSIEME BOLOGNA-FRANCA FOSCHINI", "label_en": "INSIEME BOLOGNA-FRANCA FOSCHINI", "description_it": null, "description_en": null}, {"name": "insieme_bologna_tommaso_ragazzi", "description": null, "annotations": {}, "label": "INSIEME BOLOGNA-TOMMASO RAGAZZI", "type": "int", "label_it": "INSIEME BOLOGNA-TOMMASO RAGAZZI", "label_en": "INSIEME BOLOGNA-TOMMASO RAGAZZI", "description_it": null, "description_en": null}, {"name": "insieme_bologna_alessandra_schiavi", "description": null, "annotations": {}, "label": "INSIEME BOLOGNA-ALESSANDRA SCHIAVI", "type": "int", "label_it": "INSIEME BOLOGNA-ALESSANDRA SCHIAVI", "label_en": "INSIEME BOLOGNA-ALESSANDRA SCHIAVI", "description_it": null, "description_en": null}, {"name": "insieme_bologna_michela_venturini", "description": null, "annotations": {}, "label": "INSIEME BOLOGNA-MICHELA VENTURINI", "type": "int", "label_it": "INSIEME BOLOGNA-MICHELA VENTURINI", "label_en": "INSIEME BOLOGNA-MICHELA VENTURINI", "description_it": null, "description_en": null}, {"name": "insieme_bologna_raffaella_mosconi", "description": null, "annotations": {}, "label": "INSIEME BOLOGNA-RAFFAELLA MOSCONI", "type": "int", "label_it": "INSIEME BOLOGNA-RAFFAELLA MOSCONI", "label_en": "INSIEME BOLOGNA-RAFFAELLA MOSCONI", "description_it": null, "description_en": null}, {"name": "insieme_bologna_maria_francesca", "description": null, "annotations": {}, "label": "INSIEME BOLOGNA-MARIA FRANCESCA", "type": "int", "label_it": "INSIEME BOLOGNA-MARIA FRANCESCA", "label_en": "INSIEME BOLOGNA-MARIA FRANCESCA", "description_it": null, "description_en": null}, {"name": "insieme_bologna_alessandra_abbondanza", "description": null, "annotations": {}, "label": "INSIEME BOLOGNA-ALESSANDRA ABBONDANZA", "type": "int", "label_it": "INSIEME BOLOGNA-ALESSANDRA ABBONDANZA", "label_en": "INSIEME BOLOGNA-ALESSANDRA ABBONDANZA", "description_it": null, "description_en": null}, {"name": "insieme_bologna_michele_mattei", "description": null, "annotations": {}, "label": "INSIEME BOLOGNA-MICHELE MATTEI", "type": "int", "label_it": "INSIEME BOLOGNA-MICHELE MATTEI", "label_en": "INSIEME BOLOGNA-MICHELE MATTEI", "description_it": null, "description_en": null}, {"name": "insieme_bologna_alberto_mongardi", "description": null, "annotations": {}, "label": "INSIEME BOLOGNA-ALBERTO MONGARDI", "type": "int", "label_it": "INSIEME BOLOGNA-ALBERTO MONGARDI", "label_en": "INSIEME BOLOGNA-ALBERTO MONGARDI", "description_it": null, "description_en": null}, {"name": "insieme_bologna_serafino_rosario", "description": null, "annotations": {}, "label": "INSIEME BOLOGNA-SERAFINO ROSARIO", "type": "int", "label_it": "INSIEME BOLOGNA-SERAFINO ROSARIO", "label_en": "INSIEME BOLOGNA-SERAFINO ROSARIO", "description_it": null, "description_en": null}, {"name": "insieme_bologna_francesco_grasso", "description": null, "annotations": {}, "label": "INSIEME BOLOGNA-FRANCESCO GRASSO", "type": "int", "label_it": "INSIEME BOLOGNA-FRANCESCO GRASSO", "label_en": "INSIEME BOLOGNA-FRANCESCO GRASSO", "description_it": null, "description_en": null}, {"name": "insieme_bologna_ezio_faggioli", "description": null, "annotations": {}, "label": "INSIEME BOLOGNA-EZIO FAGGIOLI", "type": "int", "label_it": "INSIEME BOLOGNA-EZIO FAGGIOLI", "label_en": "INSIEME BOLOGNA-EZIO FAGGIOLI", "description_it": null, "description_en": null}, {"name": "insieme_bologna_giancarlo_rocco", "description": null, "annotations": {}, "label": "INSIEME BOLOGNA-GIANCARLO ROCCO", "type": "int", "label_it": "INSIEME BOLOGNA-GIANCARLO ROCCO", "label_en": "INSIEME BOLOGNA-GIANCARLO ROCCO", "description_it": null, "description_en": null}, {"name": "centro_sinistra_lorenzo_cipriani", "description": null, "annotations": {}, "label": "CENTRO SINISTRA-LORENZO CIPRIANI", "type": "int", "label_it": "CENTRO SINISTRA-LORENZO CIPRIANI", "label_en": "CENTRO SINISTRA-LORENZO CIPRIANI", "description_it": null, "description_en": null}, {"name": "centro_sinistra_bruno_alampi", "description": null, "annotations": {}, "label": "CENTRO SINISTRA-BRUNO ALAMPI", "type": "int", "label_it": "CENTRO SINISTRA-BRUNO ALAMPI", "label_en": "CENTRO SINISTRA-BRUNO ALAMPI", "description_it": null, "description_en": null}, {"name": "centro_sinistra_roberto_amori", "description": null, "annotations": {}, "label": "CENTRO SINISTRA-ROBERTO AMORI", "type": "int", "label_it": "CENTRO SINISTRA-ROBERTO AMORI", "label_en": "CENTRO SINISTRA-ROBERTO AMORI", "description_it": null, "description_en": null}, {"name": "centro_sinistra_elena_de_benedictis", "description": null, "annotations": {}, "label": "CENTRO SINISTRA-ELENA DE BENEDICTIS", "type": "int", "label_it": "CENTRO SINISTRA-ELENA DE BENEDICTIS", "label_en": "CENTRO SINISTRA-ELENA DE BENEDICTIS", "description_it": null, "description_en": null}, {"name": "centro_sinistra_maria_luigia_de_martino", "description": null, "annotations": {}, "label": "CENTRO SINISTRA-MARIA LUIGIA DE MARTINO", "type": "int", "label_it": "CENTRO SINISTRA-MARIA LUIGIA DE MARTINO", "label_en": "CENTRO SINISTRA-MARIA LUIGIA DE MARTINO", "description_it": null, "description_en": null}, {"name": "centro_sinistra_carmela_de_troia", "description": null, "annotations": {}, "label": "CENTRO SINISTRA-CARMELA DE TROIA", "type": "int", "label_it": "CENTRO SINISTRA-CARMELA DE TROIA", "label_en": "CENTRO SINISTRA-CARMELA DE TROIA", "description_it": null, "description_en": null}, {"name": "centro_sinistra_francesco_dragotta", "description": null, "annotations": {}, "label": "CENTRO SINISTRA-FRANCESCO DRAGOTTA", "type": "int", "label_it": "CENTRO SINISTRA-FRANCESCO DRAGOTTA", "label_en": "CENTRO SINISTRA-FRANCESCO DRAGOTTA", "description_it": null, "description_en": null}, {"name": "centro_sinistra_andrea_garagnani", "description": null, "annotations": {}, "label": "CENTRO SINISTRA-ANDREA GARAGNANI", "type": "int", "label_it": "CENTRO SINISTRA-ANDREA GARAGNANI", "label_en": "CENTRO SINISTRA-ANDREA GARAGNANI", "description_it": null, "description_en": null}, {"name": "centro_sinistra_stefania_iovine", "description": null, "annotations": {}, "label": "CENTRO SINISTRA-STEFANIA IOVINE", "type": "int", "label_it": "CENTRO SINISTRA-STEFANIA IOVINE", "label_en": "CENTRO SINISTRA-STEFANIA IOVINE", "description_it": null, "description_en": null}, {"name": "centro_sinistra_mirna_magnani", "description": null, "annotations": {}, "label": "CENTRO SINISTRA-MIRNA MAGNANI", "type": "int", "label_it": "CENTRO SINISTRA-MIRNA MAGNANI", "label_en": "CENTRO SINISTRA-MIRNA MAGNANI", "description_it": null, "description_en": null}, {"name": "centro_sinistra_francesco_massarenti", "description": null, "annotations": {}, "label": "CENTRO SINISTRA-FRANCESCO MASSARENTI", "type": "int", "label_it": "CENTRO SINISTRA-FRANCESCO MASSARENTI", "label_en": "CENTRO SINISTRA-FRANCESCO MASSARENTI", "description_it": null, "description_en": null}, {"name": "centro_sinistra_luca_montanari", "description": null, "annotations": {}, "label": "CENTRO SINISTRA-LUCA MONTANARI", "type": "int", "label_it": "CENTRO SINISTRA-LUCA MONTANARI", "label_en": "CENTRO SINISTRA-LUCA MONTANARI", "description_it": null, "description_en": null}, {"name": "centro_sinistra_giuliana_rocchi", "description": null, "annotations": {}, "label": "CENTRO SINISTRA-GIULIANA ROCCHI", "type": "int", "label_it": "CENTRO SINISTRA-GIULIANA ROCCHI", "label_en": "CENTRO SINISTRA-GIULIANA ROCCHI", "description_it": null, "description_en": null}, {"name": "centro_sinistra_bruno_sedda", "description": null, "annotations": {}, "label": "CENTRO SINISTRA-BRUNO SEDDA", "type": "int", "label_it": "CENTRO SINISTRA-BRUNO SEDDA", "label_en": "CENTRO SINISTRA-BRUNO SEDDA", "description_it": null, "description_en": null}, {"name": "centro_sinistra_cristian_traca", "description": null, "annotations": {}, "label": "CENTRO SINISTRA-CRISTIAN TRACA'", "type": "int", "label_it": "CENTRO SINISTRA-CRISTIAN TRACA'", "label_en": "CENTRO SINISTRA-CRISTIAN TRACA'", "description_it": null, "description_en": null}, {"name": "fratelli_d_italia_alleanza_nazionale_fabio_cancelliere", "description": null, "annotations": {}, "label": "FRATELLI D'ITALIA - ALLEANZA NAZIONALE-FABIO CANCELLIERE", "type": "int", "label_it": "FRATELLI D'ITALIA - ALLEANZA NAZIONALE-FABIO CANCELLIERE", "label_en": "FRATELLI D'ITALIA - ALLEANZA NAZIONALE-FABIO CANCELLIERE", "description_it": null, "description_en": null}, {"name": "fratelli_d_italia_alleanza_nazionale_valentina_lisei", "description": null, "annotations": {}, "label": "FRATELLI D'ITALIA - ALLEANZA NAZIONALE-VALENTINA LISEI", "type": "int", "label_it": "FRATELLI D'ITALIA - ALLEANZA NAZIONALE-VALENTINA LISEI", "label_en": "FRATELLI D'ITALIA - ALLEANZA NAZIONALE-VALENTINA LISEI", "description_it": null, "description_en": null}, {"name": "fratelli_d_italia_alleanza_nazionale_giuliano_carestini", "description": null, "annotations": {}, "label": "FRATELLI D'ITALIA - ALLEANZA NAZIONALE-GIULIANO CARESTINI", "type": "int", "label_it": "FRATELLI D'ITALIA - ALLEANZA NAZIONALE-GIULIANO CARESTINI", "label_en": "FRATELLI D'ITALIA - ALLEANZA NAZIONALE-GIULIANO CARESTINI", "description_it": null, "description_en": null}, {"name": "fratelli_d_italia_alleanza_nazionale_marco_accorsi", "description": null, "annotations": {}, "label": "FRATELLI D'ITALIA - ALLEANZA NAZIONALE-MARCO ACCORSI", "type": "int", "label_it": "FRATELLI D'ITALIA - ALLEANZA NAZIONALE-MARCO ACCORSI", "label_en": "FRATELLI D'ITALIA - ALLEANZA NAZIONALE-MARCO ACCORSI", "description_it": null, "description_en": null}, {"name": "fratelli_d_italia_alleanza_nazionale_diego_francesco", "description": null, "annotations": {}, "label": "FRATELLI D'ITALIA - ALLEANZA NAZIONALE-DIEGO FRANCESCO", "type": "int", "label_it": "FRATELLI D'ITALIA - ALLEANZA NAZIONALE-DIEGO FRANCESCO", "label_en": "FRATELLI D'ITALIA - ALLEANZA NAZIONALE-DIEGO FRANCESCO", "description_it": null, "description_en": null}, {"name": "fratelli_d_italia_alleanza_nazionale_raffaella_tazzari", "description": null, "annotations": {}, "label": "FRATELLI D'ITALIA - ALLEANZA NAZIONALE-RAFFAELLA TAZZARI", "type": "int", "label_it": "FRATELLI D'ITALIA - ALLEANZA NAZIONALE-RAFFAELLA TAZZARI", "label_en": "FRATELLI D'ITALIA - ALLEANZA NAZIONALE-RAFFAELLA TAZZARI", "description_it": null, "description_en": null}, {"name": "fratelli_d_italia_alleanza_nazionale_maria_gabriella", "description": null, "annotations": {}, "label": "FRATELLI D'ITALIA - ALLEANZA NAZIONALE-MARIA GABRIELLA", "type": "int", "label_it": "FRATELLI D'ITALIA - ALLEANZA NAZIONALE-MARIA GABRIELLA", "label_en": "FRATELLI D'ITALIA - ALLEANZA NAZIONALE-MARIA GABRIELLA", "description_it": null, "description_en": null}, {"name": "fratelli_d_italia_alleanza_nazionale_stefano_colato", "description": null, "annotations": {}, "label": "FRATELLI D'ITALIA - ALLEANZA NAZIONALE-STEFANO COLATO", "type": "int", "label_it": "FRATELLI D'ITALIA - ALLEANZA NAZIONALE-STEFANO COLATO", "label_en": "FRATELLI D'ITALIA - ALLEANZA NAZIONALE-STEFANO COLATO", "description_it": null, "description_en": null}, {"name": "fratelli_d_italia_alleanza_nazionale_cristina_sinibaldi", "description": null, "annotations": {}, "label": "FRATELLI D'ITALIA - ALLEANZA NAZIONALE-CRISTINA SINIBALDI", "type": "int", "label_it": "FRATELLI D'ITALIA - ALLEANZA NAZIONALE-CRISTINA SINIBALDI", "label_en": "FRATELLI D'ITALIA - ALLEANZA NAZIONALE-CRISTINA SINIBALDI", "description_it": null, "description_en": null}, {"name": "fratelli_d_italia_alleanza_nazionale_diego_romagnoli", "description": null, "annotations": {}, "label": "FRATELLI D'ITALIA - ALLEANZA NAZIONALE-DIEGO ROMAGNOLI", "type": "int", "label_it": "FRATELLI D'ITALIA - ALLEANZA NAZIONALE-DIEGO ROMAGNOLI", "label_en": "FRATELLI D'ITALIA - ALLEANZA NAZIONALE-DIEGO ROMAGNOLI", "description_it": null, "description_en": null}, {"name": "fratelli_d_italia_alleanza_nazionale_gian_carlo_govoni", "description": null, "annotations": {}, "label": "FRATELLI D'ITALIA - ALLEANZA NAZIONALE-GIAN CARLO GOVONI", "type": "int", "label_it": "FRATELLI D'ITALIA - ALLEANZA NAZIONALE-GIAN CARLO GOVONI", "label_en": "FRATELLI D'ITALIA - ALLEANZA NAZIONALE-GIAN CARLO GOVONI", "description_it": null, "description_en": null}, {"name": "fratelli_d_italia_alleanza_nazionale_vincenzo_melito", "description": null, "annotations": {}, "label": "FRATELLI D'ITALIA - ALLEANZA NAZIONALE-VINCENZO MELITO", "type": "int", "label_it": "FRATELLI D'ITALIA - ALLEANZA NAZIONALE-VINCENZO MELITO", "label_en": "FRATELLI D'ITALIA - ALLEANZA NAZIONALE-VINCENZO MELITO", "description_it": null, "description_en": null}], "metas": {"dcat": {"created": null, "issued": null, "creator": "Comune di Bologna", "contributor": null, "contact_name": "Ufficio Dati e Open Data", "contact_email": "opendata@comune.bologna.it", "accrualperiodicity": "http://publications.europa.eu/resource/authority/frequency/NEVER", "spatial": null, "temporal": null, "granularity": null, "dataquality": null, "publisher_type": null, "conforms_to": null, "temporal_coverage_start": null, "temporal_coverage_end": null, "accessRights": null, "relation": null}, "semantic": {"rml_mapping": null, "classes": null, "properties": null}, "dcat_ap_it": {"publisher_id": null}, "default": {"title": "Elezioni amministrative 2016. Consigli Circoscrizionali - Quartiere Porto - Saragozza", "title_it": "Elezioni amministrative 2016. Consigli Circoscrizionali - Quartiere Porto - Saragozza", "title_en": "Elezioni amministrative 2016. Consigli Circoscrizionali - Quartiere Porto - Saragozza", "description": "<p>Elezioni amministrative 2016. Voti ai candidati per il Consiglio Circoscrizionale per il quartiere Porto - Saragozza</p>", "description_it": "<p>Elezioni amministrative 2016. Voti ai candidati per il Consiglio Circoscrizionale per il quartiere Porto - Saragozza</p>", "description_en": "<p>Elezioni amministrative 2016. Voti ai candidati per il Consiglio Circoscrizionale per il quartiere Porto - Saragozza</p>", "theme": ["Regioni e citt\u00e0"], "theme_it": ["Regioni e citt\u00e0"], "theme_en": ["Regioni e citt\u00e0"], "keyword": null, "keyword_it": null, "keyword_en": null, "license": "CC BY 4.0", "license_it": "CC BY 4.0", "license_en": "CC BY 4.0", "license_url": "https://creativecommons.org/licenses/by/4.0/", "license_url_it": "https://creativecommons.org/licenses/by/4.0/", "license_url_en": "https://creativecommons.org/licenses/by/4.0/", "language": "it", "metadata_languages": ["it"], "timezone": ["Europe/Rome"], "modified": "2016-06-20T11:31:30+00:00", "modified_updates_on_metadata_change": false, "modified_updates_on_data_change": false, "data_processed": "2021-03-19T17:23:40.822000+00:00", "metadata_processed": "2025-03-20T09:54:54.527000+00:00", "geographic_reference": ["world_it"], "geographic_reference_auto": true, "territory": ["Italy"], "geometry_types": null, "bbox": null, "publisher": "Comune di Bologna", "publisher_it": "Comune di Bologna", "publisher_en": "Comune di Bologna", "references": null, "records_count": 85, "attributions": null, "source_domain": null, "source_domain_title": null, "source_domain_address": null, "source_dataset": null, "shared_catalog": null, "federated": false, "parent_domain": null, "update_frequency": null}}}}