{"links": [{"rel": "self", "href": "https://opendata.comune.bologna.it/api/v2/catalog/datasets/elezioni-amministrative-2016-consigli-circoscrizionali-quartiere-santo-stefano"}, {"rel": "datasets", "href": "https://opendata.comune.bologna.it/api/v2/catalog/datasets"}, {"rel": "records", "href": "https://opendata.comune.bologna.it/api/v2/catalog/datasets/elezioni-amministrative-2016-consigli-circoscrizionali-quartiere-santo-stefano/records"}, {"rel": "exports", "href": "https://opendata.comune.bologna.it/api/v2/catalog/datasets/elezioni-amministrative-2016-consigli-circoscrizionali-quartiere-santo-stefano/exports"}, {"rel": "facets", "href": "https://opendata.comune.bologna.it/api/v2/catalog/datasets/elezioni-amministrative-2016-consigli-circoscrizionali-quartiere-santo-stefano/facets"}], "dataset": {"visibility": "domain", "dataset_id": "elezioni-amministrative-2016-consigli-circoscrizionali-quartiere-santo-stefano", "dataset_uid": "da_4apvbi", "has_records": true, "features": ["analyze"], "attachments": [], "alternative_exports": [], "data_visible": true, "fields": [{"name": "sezione", "description": "Numero della sezione elettorale", "annotations": {}, "label": "SEZIONE", "type": "int", "label_it": "SEZIONE", "label_en": "SEZIONE", "description_it": "Numero della sezione elettorale", "description_en": "Numero della sezione elettorale"}, {"name": "iscritti", "description": "Numero iscritti al voto", "annotations": {}, "label": "ISCRITTI", "type": "int", "label_it": "ISCRITTI", "label_en": "ISCRITTI", "description_it": "Numero iscritti al voto", "description_en": "Numero iscritti al voto"}, {"name": "quartiere", "description": "Nome quartiere", "annotations": {}, "label": "QUARTIERE", "type": "text", "label_it": "QUARTIERE", "label_en": "QUARTIERE", "description_it": "Nome quartiere", "description_en": "Nome quartiere"}, {"name": "zona", "description": "Nome zona", "annotations": {"facet": true}, "label": "ZONA", "type": "text", "label_it": "ZONA", "label_en": "ZONA", "description_it": "Nome zona", "description_en": "Nome zona"}, {"name": "vecchia_denominazione_quartiere", "description": "Precedente denominazione quartiere", "annotations": {}, "label": "VECCHIA DENOMINAZIONE QUARTIERE", "type": "text", "label_it": "VECCHIA DENOMINAZIONE QUARTIERE", "label_en": "VECCHIA DENOMINAZIONE QUARTIERE", "description_it": "Precedente denominazione quartiere", "description_en": "Precedente denominazione quartiere"}, {"name": "centro_sinistra_rosa_maria_amorevole", "description": null, "annotations": {}, "label": "CENTRO SINISTRA-ROSA MARIA AMOREVOLE", "type": "int", "label_it": "CENTRO SINISTRA-ROSA MARIA AMOREVOLE", "label_en": "CENTRO SINISTRA-ROSA MARIA AMOREVOLE", "description_it": null, "description_en": null}, {"name": "centro_sinistra_anna_almiropulo", "description": null, "annotations": {}, "label": "CENTRO SINISTRA-ANNA ALMIROPULO", "type": "int", "label_it": "CENTRO SINISTRA-ANNA ALMIROPULO", "label_en": "CENTRO SINISTRA-ANNA ALMIROPULO", "description_it": null, "description_en": null}, {"name": "centro_sinistra_giuseppe_bacchi", "description": null, "annotations": {}, "label": "CENTRO SINISTRA-GIUSEPPE BACCHI", "type": "int", "label_it": "CENTRO SINISTRA-GIUSEPPE BACCHI", "label_en": "CENTRO SINISTRA-GIUSEPPE BACCHI", "description_it": null, "description_en": null}, {"name": "centro_sinistra_nara_berti", "description": null, "annotations": {}, "label": "CENTRO SINISTRA-NARA BERTI", "type": "int", "label_it": "CENTRO SINISTRA-NARA BERTI", "label_en": "CENTRO SINISTRA-NARA BERTI", "description_it": null, "description_en": null}, {"name": "centro_sinistra_silvia_bertini", "description": null, "annotations": {}, "label": "CENTRO SINISTRA-SILVIA BERTINI", "type": "int", "label_it": "CENTRO SINISTRA-SILVIA BERTINI", "label_en": "CENTRO SINISTRA-SILVIA BERTINI", "description_it": null, "description_en": null}, {"name": "centro_sinistra_lorenzo_boni", "description": null, "annotations": {}, "label": "CENTRO SINISTRA-LORENZO BONI", "type": "int", "label_it": "CENTRO SINISTRA-LORENZO BONI", "label_en": "CENTRO SINISTRA-LORENZO BONI", "description_it": null, "description_en": null}, {"name": "centro_sinistra_massimiliano_carbone", "description": null, "annotations": {}, "label": "CENTRO SINISTRA-MASSIMILIANO CARBONE", "type": "int", "label_it": "CENTRO SINISTRA-MASSIMILIANO CARBONE", "label_en": "CENTRO SINISTRA-MASSIMILIANO CARBONE", "description_it": null, "description_en": null}, {"name": "centro_sinistra_paolo_cavalieri", "description": null, "annotations": {}, "label": "CENTRO SINISTRA-PAOLO CAVALIERI", "type": "int", "label_it": "CENTRO SINISTRA-PAOLO CAVALIERI", "label_en": "CENTRO SINISTRA-PAOLO CAVALIERI", "description_it": null, "description_en": null}, {"name": "centro_sinistra_cristiana_costantini", "description": null, "annotations": {}, "label": "CENTRO SINISTRA-CRISTIANA COSTANTINI", "type": "int", "label_it": "CENTRO SINISTRA-CRISTIANA COSTANTINI", "label_en": "CENTRO SINISTRA-CRISTIANA COSTANTINI", "description_it": null, "description_en": null}, {"name": "centro_sinistra_lorenzo_genovesi", "description": null, "annotations": {}, "label": "CENTRO SINISTRA-LORENZO GENOVESI", "type": "int", "label_it": "CENTRO SINISTRA-LORENZO GENOVESI", "label_en": "CENTRO SINISTRA-LORENZO GENOVESI", "description_it": null, "description_en": null}, {"name": "centro_sinistra_cristina_malvi", "description": null, "annotations": {}, "label": "CENTRO SINISTRA-CRISTINA MALVI", "type": "int", "label_it": "CENTRO SINISTRA-CRISTINA MALVI", "label_en": "CENTRO SINISTRA-CRISTINA MALVI", "description_it": null, "description_en": null}, {"name": "centro_sinistra_anna_maria_mazzu", "description": null, "annotations": {}, "label": "CENTRO SINISTRA-ANNA MARIA MAZZU'", "type": "int", "label_it": "CENTRO SINISTRA-ANNA MARIA MAZZU'", "label_en": "CENTRO SINISTRA-ANNA MARIA MAZZU'", "description_it": null, "description_en": null}, {"name": "centro_sinistra_giacomo_moncada", "description": null, "annotations": {}, "label": "CENTRO SINISTRA-GIACOMO MONCADA", "type": "int", "label_it": "CENTRO SINISTRA-GIACOMO MONCADA", "label_en": "CENTRO SINISTRA-GIACOMO MONCADA", "description_it": null, "description_en": null}, {"name": "centro_sinistra_andrea_politi", "description": null, "annotations": {}, "label": "CENTRO SINISTRA-ANDREA POLITI", "type": "int", "label_it": "CENTRO SINISTRA-ANDREA POLITI", "label_en": "CENTRO SINISTRA-ANDREA POLITI", "description_it": null, "description_en": null}, {"name": "centro_sinistra_patrizia_rampioni", "description": null, "annotations": {}, "label": "CENTRO SINISTRA-PATRIZIA RAMPIONI", "type": "int", "label_it": "CENTRO SINISTRA-PATRIZIA RAMPIONI", "label_en": "CENTRO SINISTRA-PATRIZIA RAMPIONI", "description_it": null, "description_en": null}, {"name": "coalizione_civica_maurizio_matteuzzi", "description": null, "annotations": {}, "label": "COALIZIONE CIVICA-MAURIZIO MATTEUZZI", "type": "int", "label_it": "COALIZIONE CIVICA-MAURIZIO MATTEUZZI", "label_en": "COALIZIONE CIVICA-MAURIZIO MATTEUZZI", "description_it": null, "description_en": null}, {"name": "coalizione_civica_isabella_bidischini", "description": null, "annotations": {}, "label": "COALIZIONE CIVICA-ISABELLA BIDISCHINI", "type": "int", "label_it": "COALIZIONE CIVICA-ISABELLA BIDISCHINI", "label_en": "COALIZIONE CIVICA-ISABELLA BIDISCHINI", "description_it": null, "description_en": null}, {"name": "coalizione_civica_margherita_boncompag", "description": null, "annotations": {}, "label": "COALIZIONE CIVICA-MARGHERITA BONCOMPAG", "type": "int", "label_it": "COALIZIONE CIVICA-MARGHERITA BONCOMPAG", "label_en": "COALIZIONE CIVICA-MARGHERITA BONCOMPAG", "description_it": null, "description_en": null}, {"name": "coalizione_civica_licia_faggella", "description": null, "annotations": {}, "label": "COALIZIONE CIVICA-LICIA FAGGELLA", "type": "int", "label_it": "COALIZIONE CIVICA-LICIA FAGGELLA", "label_en": "COALIZIONE CIVICA-LICIA FAGGELLA", "description_it": null, "description_en": null}, {"name": "coalizione_civica_adele_maria_masciello", "description": null, "annotations": {}, "label": "COALIZIONE CIVICA-ADELE MARIA MASCIELLO", "type": "int", "label_it": "COALIZIONE CIVICA-ADELE MARIA MASCIELLO", "label_en": "COALIZIONE CIVICA-ADELE MARIA MASCIELLO", "description_it": null, "description_en": null}, {"name": "coalizione_civica_benedetta_monetti", "description": null, "annotations": {}, "label": "COALIZIONE CIVICA-BENEDETTA MONETTI", "type": "int", "label_it": "COALIZIONE CIVICA-BENEDETTA MONETTI", "label_en": "COALIZIONE CIVICA-BENEDETTA MONETTI", "description_it": null, "description_en": null}, {"name": "coalizione_civica_prisca_pizzoli", "description": null, "annotations": {}, "label": "COALIZIONE CIVICA-PRISCA PIZZOLI", "type": "int", "label_it": "COALIZIONE CIVICA-PRISCA PIZZOLI", "label_en": "COALIZIONE CIVICA-PRISCA PIZZOLI", "description_it": null, "description_en": null}, {"name": "coalizione_civica_laura_stancampia", "description": null, "annotations": {}, "label": "COALIZIONE CIVICA-LAURA STANCAMPIA", "type": "int", "label_it": "COALIZIONE CIVICA-LAURA STANCAMPIA", "label_en": "COALIZIONE CIVICA-LAURA STANCAMPIA", "description_it": null, "description_en": null}, {"name": "coalizione_civica_detjon_begaj", "description": null, "annotations": {}, "label": "COALIZIONE CIVICA-DETJON BEGAJ", "type": "int", "label_it": "COALIZIONE CIVICA-DETJON BEGAJ", "label_en": "COALIZIONE CIVICA-DETJON BEGAJ", "description_it": null, "description_en": null}, {"name": "coalizione_civica_vittorio_capecchi", "description": null, "annotations": {}, "label": "COALIZIONE CIVICA-VITTORIO CAPECCHI", "type": "int", "label_it": "COALIZIONE CIVICA-VITTORIO CAPECCHI", "label_en": "COALIZIONE CIVICA-VITTORIO CAPECCHI", "description_it": null, "description_en": null}, {"name": "coalizione_civica_francesco_girolamo", "description": null, "annotations": {}, "label": "COALIZIONE CIVICA-FRANCESCO GIROLAMO", "type": "int", "label_it": "COALIZIONE CIVICA-FRANCESCO GIROLAMO", "label_en": "COALIZIONE CIVICA-FRANCESCO GIROLAMO", "description_it": null, "description_en": null}, {"name": "coalizione_civica_enrico_malorgio", "description": null, "annotations": {}, "label": "COALIZIONE CIVICA-ENRICO MALORGIO", "type": "int", "label_it": "COALIZIONE CIVICA-ENRICO MALORGIO", "label_en": "COALIZIONE CIVICA-ENRICO MALORGIO", "description_it": null, "description_en": null}, {"name": "coalizione_civica_andrea_rapini", "description": null, "annotations": {}, "label": "COALIZIONE CIVICA-ANDREA RAPINI", "type": "int", "label_it": "COALIZIONE CIVICA-ANDREA RAPINI", "label_en": "COALIZIONE CIVICA-ANDREA RAPINI", "description_it": null, "description_en": null}, {"name": "coalizione_civica_toni_rovatti", "description": null, "annotations": {}, "label": "COALIZIONE CIVICA-TONI ROVATTI", "type": "int", "label_it": "COALIZIONE CIVICA-TONI ROVATTI", "label_en": "COALIZIONE CIVICA-TONI ROVATTI", "description_it": null, "description_en": null}, {"name": "coalizione_civica_arnaud_tchaya", "description": null, "annotations": {}, "label": "COALIZIONE CIVICA-ARNAUD TCHAYA", "type": "int", "label_it": "COALIZIONE CIVICA-ARNAUD TCHAYA", "label_en": "COALIZIONE CIVICA-ARNAUD TCHAYA", "description_it": null, "description_en": null}, {"name": "lista_giorgetti_per_santo_stefano_ilaria_giorgetti", "description": null, "annotations": {}, "label": "LISTA GIORGETTI PER SANTO STEFANO-ILARIA GIORGETTI", "type": "int", "label_it": "LISTA GIORGETTI PER SANTO STEFANO-ILARIA GIORGETTI", "label_en": "LISTA GIORGETTI PER SANTO STEFANO-ILARIA GIORGETTI", "description_it": null, "description_en": null}, {"name": "lista_giorgetti_per_santo_stefano_monica_bertoni", "description": null, "annotations": {}, "label": "LISTA GIORGETTI PER SANTO STEFANO-MONICA BERTONI", "type": "int", "label_it": "LISTA GIORGETTI PER SANTO STEFANO-MONICA BERTONI", "label_en": "LISTA GIORGETTI PER SANTO STEFANO-MONICA BERTONI", "description_it": null, "description_en": null}, {"name": "lista_giorgetti_per_santo_stefano_luca_donati", "description": null, "annotations": {}, "label": "LISTA GIORGETTI PER SANTO STEFANO-LUCA DONATI", "type": "int", "label_it": "LISTA GIORGETTI PER SANTO STEFANO-LUCA DONATI", "label_en": "LISTA GIORGETTI PER SANTO STEFANO-LUCA DONATI", "description_it": null, "description_en": null}, {"name": "lista_giorgetti_per_santo_stefano_gianluca_faggioli", "description": null, "annotations": {}, "label": "LISTA GIORGETTI PER SANTO STEFANO-GIANLUCA FAGGIOLI", "type": "int", "label_it": "LISTA GIORGETTI PER SANTO STEFANO-GIANLUCA FAGGIOLI", "label_en": "LISTA GIORGETTI PER SANTO STEFANO-GIANLUCA FAGGIOLI", "description_it": null, "description_en": null}, {"name": "lista_giorgetti_per_santo_stefano_loris_folegatti", "description": null, "annotations": {}, "label": "LISTA GIORGETTI PER SANTO STEFANO-LORIS FOLEGATTI", "type": "int", "label_it": "LISTA GIORGETTI PER SANTO STEFANO-LORIS FOLEGATTI", "label_en": "LISTA GIORGETTI PER SANTO STEFANO-LORIS FOLEGATTI", "description_it": null, "description_en": null}, {"name": "lista_giorgetti_per_santo_stefano_rosa_gambardell", "description": null, "annotations": {}, "label": "LISTA GIORGETTI PER SANTO STEFANO-ROSA GAMBARDELL", "type": "int", "label_it": "LISTA GIORGETTI PER SANTO STEFANO-ROSA GAMBARDELL", "label_en": "LISTA GIORGETTI PER SANTO STEFANO-ROSA GAMBARDELL", "description_it": null, "description_en": null}, {"name": "lista_giorgetti_per_santo_stefano_marco_grandi", "description": null, "annotations": {}, "label": "LISTA GIORGETTI PER SANTO STEFANO-MARCO GRANDI", "type": "int", "label_it": "LISTA GIORGETTI PER SANTO STEFANO-MARCO GRANDI", "label_en": "LISTA GIORGETTI PER SANTO STEFANO-MARCO GRANDI", "description_it": null, "description_en": null}, {"name": "lista_giorgetti_per_santo_stefano_michele_lagana", "description": null, "annotations": {}, "label": "LISTA GIORGETTI PER SANTO STEFANO-MICHELE LAGANA'", "type": "int", "label_it": "LISTA GIORGETTI PER SANTO STEFANO-MICHELE LAGANA'", "label_en": "LISTA GIORGETTI PER SANTO STEFANO-MICHELE LAGANA'", "description_it": null, "description_en": null}, {"name": "lista_giorgetti_per_santo_stefano_carmela_mangia", "description": null, "annotations": {}, "label": "LISTA GIORGETTI PER SANTO STEFANO-CARMELA MANGIA", "type": "int", "label_it": "LISTA GIORGETTI PER SANTO STEFANO-CARMELA MANGIA", "label_en": "LISTA GIORGETTI PER SANTO STEFANO-CARMELA MANGIA", "description_it": null, "description_en": null}, {"name": "lista_giorgetti_per_santo_stefano_ilaria_mascagni", "description": null, "annotations": {}, "label": "LISTA GIORGETTI PER SANTO STEFANO-ILARIA MASCAGNI", "type": "int", "label_it": "LISTA GIORGETTI PER SANTO STEFANO-ILARIA MASCAGNI", "label_en": "LISTA GIORGETTI PER SANTO STEFANO-ILARIA MASCAGNI", "description_it": null, "description_en": null}, {"name": "lista_giorgetti_per_santo_stefano_alessandro_menarini", "description": null, "annotations": {}, "label": "LISTA GIORGETTI PER SANTO STEFANO-ALESSANDRO MENARINI", "type": "int", "label_it": "LISTA GIORGETTI PER SANTO STEFANO-ALESSANDRO MENARINI", "label_en": "LISTA GIORGETTI PER SANTO STEFANO-ALESSANDRO MENARINI", "description_it": null, "description_en": null}, {"name": "lista_giorgetti_per_santo_stefano_leone_morigi", "description": null, "annotations": {}, "label": "LISTA GIORGETTI PER SANTO STEFANO-LEONE MORIGI", "type": "int", "label_it": "LISTA GIORGETTI PER SANTO STEFANO-LEONE MORIGI", "label_en": "LISTA GIORGETTI PER SANTO STEFANO-LEONE MORIGI", "description_it": null, "description_en": null}, {"name": "lista_giorgetti_per_santo_stefano_matteo_nanni", "description": null, "annotations": {}, "label": "LISTA GIORGETTI PER SANTO STEFANO-MATTEO NANNI", "type": "int", "label_it": "LISTA GIORGETTI PER SANTO STEFANO-MATTEO NANNI", "label_en": "LISTA GIORGETTI PER SANTO STEFANO-MATTEO NANNI", "description_it": null, "description_en": null}, {"name": "lista_giorgetti_per_santo_stefano_andrea_ventura", "description": null, "annotations": {}, "label": "LISTA GIORGETTI PER SANTO STEFANO-ANDREA VENTURA", "type": "int", "label_it": "LISTA GIORGETTI PER SANTO STEFANO-ANDREA VENTURA", "label_en": "LISTA GIORGETTI PER SANTO STEFANO-ANDREA VENTURA", "description_it": null, "description_en": null}, {"name": "lista_giorgetti_per_santo_stefano_aldo_zechini", "description": null, "annotations": {}, "label": "LISTA GIORGETTI PER SANTO STEFANO-ALDO ZECHINI", "type": "int", "label_it": "LISTA GIORGETTI PER SANTO STEFANO-ALDO ZECHINI", "label_en": "LISTA GIORGETTI PER SANTO STEFANO-ALDO ZECHINI", "description_it": null, "description_en": null}, {"name": "giustizia_onore_liberta_massimo_di_marco", "description": null, "annotations": {}, "label": "GIUSTIZIA ONORE LIBERTA'-MASSIMO DI MARCO", "type": "int", "label_it": "GIUSTIZIA ONORE LIBERTA'-MASSIMO DI MARCO", "label_en": "GIUSTIZIA ONORE LIBERTA'-MASSIMO DI MARCO", "description_it": null, "description_en": null}, {"name": "giustizia_onore_liberta_moreno_tomesani", "description": null, "annotations": {}, "label": "GIUSTIZIA ONORE LIBERTA'-MORENO TOMESANI", "type": "int", "label_it": "GIUSTIZIA ONORE LIBERTA'-MORENO TOMESANI", "label_en": "GIUSTIZIA ONORE LIBERTA'-MORENO TOMESANI", "description_it": null, "description_en": null}, {"name": "giustizia_onore_liberta_felice_fontana", "description": null, "annotations": {}, "label": "GIUSTIZIA ONORE LIBERTA'-FELICE FONTANA", "type": "int", "label_it": "GIUSTIZIA ONORE LIBERTA'-FELICE FONTANA", "label_en": "GIUSTIZIA ONORE LIBERTA'-FELICE FONTANA", "description_it": null, "description_en": null}, {"name": "giustizia_onore_liberta_massimiliano_paci", "description": null, "annotations": {}, "label": "GIUSTIZIA ONORE LIBERTA'-MASSIMILIANO PACI", "type": "int", "label_it": "GIUSTIZIA ONORE LIBERTA'-MASSIMILIANO PACI", "label_en": "GIUSTIZIA ONORE LIBERTA'-MASSIMILIANO PACI", "description_it": null, "description_en": null}, {"name": "giustizia_onore_liberta_simone_santi", "description": null, "annotations": {}, "label": "GIUSTIZIA ONORE LIBERTA'-SIMONE SANTI", "type": "int", "label_it": "GIUSTIZIA ONORE LIBERTA'-SIMONE SANTI", "label_en": "GIUSTIZIA ONORE LIBERTA'-SIMONE SANTI", "description_it": null, "description_en": null}, {"name": "giustizia_onore_liberta_dones_ricco", "description": null, "annotations": {}, "label": "GIUSTIZIA ONORE LIBERTA'-DONES RICCO'", "type": "int", "label_it": "GIUSTIZIA ONORE LIBERTA'-DONES RICCO'", "label_en": "GIUSTIZIA ONORE LIBERTA'-DONES RICCO'", "description_it": null, "description_en": null}, {"name": "giustizia_onore_liberta_maria_bellezza", "description": null, "annotations": {}, "label": "GIUSTIZIA ONORE LIBERTA'-MARIA BELLEZZA", "type": "int", "label_it": "GIUSTIZIA ONORE LIBERTA'-MARIA BELLEZZA", "label_en": "GIUSTIZIA ONORE LIBERTA'-MARIA BELLEZZA", "description_it": null, "description_en": null}, {"name": "giustizia_onore_liberta_raffaella_valenzano", "description": null, "annotations": {}, "label": "GIUSTIZIA ONORE LIBERTA'-RAFFAELLA VALENZANO", "type": "int", "label_it": "GIUSTIZIA ONORE LIBERTA'-RAFFAELLA VALENZANO", "label_en": "GIUSTIZIA ONORE LIBERTA'-RAFFAELLA VALENZANO", "description_it": null, "description_en": null}, {"name": "giustizia_onore_liberta_laura_bellei", "description": null, "annotations": {}, "label": "GIUSTIZIA ONORE LIBERTA'-LAURA BELLEI", "type": "int", "label_it": "GIUSTIZIA ONORE LIBERTA'-LAURA BELLEI", "label_en": "GIUSTIZIA ONORE LIBERTA'-LAURA BELLEI", "description_it": null, "description_en": null}, {"name": "giustizia_onore_liberta_maria_francesca", "description": null, "annotations": {}, "label": "GIUSTIZIA ONORE LIBERTA'-MARIA FRANCESCA", "type": "int", "label_it": "GIUSTIZIA ONORE LIBERTA'-MARIA FRANCESCA", "label_en": "GIUSTIZIA ONORE LIBERTA'-MARIA FRANCESCA", "description_it": null, "description_en": null}, {"name": "movimento_5_stelle_beppegrillo_it_massimo_zannini", "description": null, "annotations": {}, "label": "MOVIMENTO 5 STELLE BEPPEGRILLO.IT-MASSIMO ZANNINI", "type": "int", "label_it": "MOVIMENTO 5 STELLE BEPPEGRILLO.IT-MASSIMO ZANNINI", "label_en": "MOVIMENTO 5 STELLE BEPPEGRILLO.IT-MASSIMO ZANNINI", "description_it": null, "description_en": null}, {"name": "movimento_5_stelle_beppegrillo_it_cristiano_pozzi", "description": null, "annotations": {}, "label": "MOVIMENTO 5 STELLE BEPPEGRILLO.IT-CRISTIANO POZZI", "type": "int", "label_it": "MOVIMENTO 5 STELLE BEPPEGRILLO.IT-CRISTIANO POZZI", "label_en": "MOVIMENTO 5 STELLE BEPPEGRILLO.IT-CRISTIANO POZZI", "description_it": null, "description_en": null}, {"name": "movimento_5_stelle_beppegrillo_it_claudio_mulazzani", "description": null, "annotations": {}, "label": "MOVIMENTO 5 STELLE BEPPEGRILLO.IT-CLAUDIO MULAZZANI", "type": "int", "label_it": "MOVIMENTO 5 STELLE BEPPEGRILLO.IT-CLAUDIO MULAZZANI", "label_en": "MOVIMENTO 5 STELLE BEPPEGRILLO.IT-CLAUDIO MULAZZANI", "description_it": null, "description_en": null}, {"name": "movimento_5_stelle_beppegrillo_it_andrea_billi", "description": null, "annotations": {}, "label": "MOVIMENTO 5 STELLE BEPPEGRILLO.IT-ANDREA BILLI", "type": "int", "label_it": "MOVIMENTO 5 STELLE BEPPEGRILLO.IT-ANDREA BILLI", "label_en": "MOVIMENTO 5 STELLE BEPPEGRILLO.IT-ANDREA BILLI", "description_it": null, "description_en": null}, {"name": "movimento_5_stelle_beppegrillo_it_mirko_ventura", "description": null, "annotations": {}, "label": "MOVIMENTO 5 STELLE BEPPEGRILLO.IT-MIRKO VENTURA", "type": "int", "label_it": "MOVIMENTO 5 STELLE BEPPEGRILLO.IT-MIRKO VENTURA", "label_en": "MOVIMENTO 5 STELLE BEPPEGRILLO.IT-MIRKO VENTURA", "description_it": null, "description_en": null}, {"name": "movimento_5_stelle_beppegrillo_it_raffaele_contarini", "description": null, "annotations": {}, "label": "MOVIMENTO 5 STELLE BEPPEGRILLO.IT-RAFFAELE CONTARINI", "type": "int", "label_it": "MOVIMENTO 5 STELLE BEPPEGRILLO.IT-RAFFAELE CONTARINI", "label_en": "MOVIMENTO 5 STELLE BEPPEGRILLO.IT-RAFFAELE CONTARINI", "description_it": null, "description_en": null}, {"name": "movimento_5_stelle_beppegrillo_it_stefania_zanardi", "description": null, "annotations": {}, "label": "MOVIMENTO 5 STELLE BEPPEGRILLO.IT-STEFANIA ZANARDI", "type": "int", "label_it": "MOVIMENTO 5 STELLE BEPPEGRILLO.IT-STEFANIA ZANARDI", "label_en": "MOVIMENTO 5 STELLE BEPPEGRILLO.IT-STEFANIA ZANARDI", "description_it": null, "description_en": null}, {"name": "movimento_5_stelle_beppegrillo_it_sara_fabbri", "description": null, "annotations": {}, "label": "MOVIMENTO 5 STELLE BEPPEGRILLO.IT-SARA FABBRI", "type": "int", "label_it": "MOVIMENTO 5 STELLE BEPPEGRILLO.IT-SARA FABBRI", "label_en": "MOVIMENTO 5 STELLE BEPPEGRILLO.IT-SARA FABBRI", "description_it": null, "description_en": null}, {"name": "movimento_5_stelle_beppegrillo_it_elena_maria_cacosso", "description": null, "annotations": {}, "label": "MOVIMENTO 5 STELLE BEPPEGRILLO.IT-ELENA MARIA CACOSSO", "type": "int", "label_it": "MOVIMENTO 5 STELLE BEPPEGRILLO.IT-ELENA MARIA CACOSSO", "label_en": "MOVIMENTO 5 STELLE BEPPEGRILLO.IT-ELENA MARIA CACOSSO", "description_it": null, "description_en": null}, {"name": "movimento_5_stelle_beppegrillo_it_luisa_paltrinieri", "description": null, "annotations": {}, "label": "MOVIMENTO 5 STELLE BEPPEGRILLO.IT-LUISA PALTRINIERI", "type": "int", "label_it": "MOVIMENTO 5 STELLE BEPPEGRILLO.IT-LUISA PALTRINIERI", "label_en": "MOVIMENTO 5 STELLE BEPPEGRILLO.IT-LUISA PALTRINIERI", "description_it": null, "description_en": null}, {"name": "movimento_5_stelle_beppegrillo_it_annalisa_roda", "description": null, "annotations": {}, "label": "MOVIMENTO 5 STELLE BEPPEGRILLO.IT-ANNALISA RODA", "type": "int", "label_it": "MOVIMENTO 5 STELLE BEPPEGRILLO.IT-ANNALISA RODA", "label_en": "MOVIMENTO 5 STELLE BEPPEGRILLO.IT-ANNALISA RODA", "description_it": null, "description_en": null}], "metas": {"dcat": {"created": null, "issued": null, "creator": "Comune di Bologna", "contributor": null, "contact_name": "Ufficio Dati e Open Data", "contact_email": "opendata@comune.bologna.it", "accrualperiodicity": "http://publications.europa.eu/resource/authority/frequency/NEVER", "spatial": null, "temporal": null, "granularity": null, "dataquality": null, "publisher_type": null, "conforms_to": null, "temporal_coverage_start": null, "temporal_coverage_end": null, "accessRights": null, "relation": null}, "semantic": {"rml_mapping": null, "classes": null, "properties": null}, "dcat_ap_it": {"publisher_id": null}, "default": {"title": "Elezioni amministrative 2016. Consigli Circoscrizionali - Quartiere Santo Stefano", "title_it": "Elezioni amministrative 2016. Consigli Circoscrizionali - Quartiere Santo Stefano", "title_en": "Elezioni amministrative 2016. Consigli Circoscrizionali - Quartiere Santo Stefano", "description": "<p>Elezioni amministrative 2016. Voti ai candidati per il Consiglio Circoscrizionale per il quartiere Santo Stefano</p>", "description_it": "<p>Elezioni amministrative 2016. Voti ai candidati per il Consiglio Circoscrizionale per il quartiere Santo Stefano</p>", "description_en": "<p>Elezioni amministrative 2016. Voti ai candidati per il Consiglio Circoscrizionale per il quartiere Santo Stefano</p>", "theme": ["Regioni e citt\u00e0"], "theme_it": ["Regioni e citt\u00e0"], "theme_en": ["Regioni e citt\u00e0"], "keyword": null, "keyword_it": null, "keyword_en": null, "license": "CC BY 4.0", "license_it": "CC BY 4.0", "license_en": "CC BY 4.0", "license_url": "https://creativecommons.org/licenses/by/4.0/", "license_url_it": "https://creativecommons.org/licenses/by/4.0/", "license_url_en": "https://creativecommons.org/licenses/by/4.0/", "language": "it", "metadata_languages": ["it"], "timezone": ["Europe/Rome"], "modified": "2016-06-20T11:31:30+00:00", "modified_updates_on_metadata_change": false, "modified_updates_on_data_change": false, "data_processed": "2021-03-18T12:43:50.410000+00:00", "metadata_processed": "2025-03-20T09:57:33.182000+00:00", "geographic_reference": ["world_it"], "geographic_reference_auto": true, "territory": ["Italy"], "geometry_types": null, "bbox": null, "publisher": "Comune di Bologna", "publisher_it": "Comune di Bologna", "publisher_en": "Comune di Bologna", "references": null, "records_count": 79, "attributions": null, "source_domain": null, "source_domain_title": null, "source_domain_address": null, "source_dataset": null, "shared_catalog": null, "federated": false, "parent_domain": null, "update_frequency": null}}}}