{"links": [{"rel": "self", "href": "https://opendata.comune.bologna.it/api/v2/catalog/datasets/elezioni-amministrative-2016-consigli-circoscrizionali-quartiere-savena"}, {"rel": "datasets", "href": "https://opendata.comune.bologna.it/api/v2/catalog/datasets"}, {"rel": "records", "href": "https://opendata.comune.bologna.it/api/v2/catalog/datasets/elezioni-amministrative-2016-consigli-circoscrizionali-quartiere-savena/records"}, {"rel": "exports", "href": "https://opendata.comune.bologna.it/api/v2/catalog/datasets/elezioni-amministrative-2016-consigli-circoscrizionali-quartiere-savena/exports"}, {"rel": "facets", "href": "https://opendata.comune.bologna.it/api/v2/catalog/datasets/elezioni-amministrative-2016-consigli-circoscrizionali-quartiere-savena/facets"}], "dataset": {"visibility": "domain", "dataset_id": "elezioni-amministrative-2016-consigli-circoscrizionali-quartiere-savena", "dataset_uid": "da_vtd2ri", "has_records": true, "features": ["analyze"], "attachments": [], "alternative_exports": [], "data_visible": true, "fields": [{"name": "sezione", "description": "Numero della sezione elettorale", "annotations": {}, "label": "SEZIONE", "type": "int", "label_it": "SEZIONE", "label_en": "SEZIONE", "description_it": "Numero della sezione elettorale", "description_en": "Numero della sezione elettorale"}, {"name": "iscritti", "description": "Numero iscritti al voto", "annotations": {}, "label": "ISCRITTI", "type": "int", "label_it": "ISCRITTI", "label_en": "ISCRITTI", "description_it": "Numero iscritti al voto", "description_en": "Numero iscritti al voto"}, {"name": "quartiere", "description": "Nome quartiere", "annotations": {}, "label": "QUARTIERE", "type": "text", "label_it": "QUARTIERE", "label_en": "QUARTIERE", "description_it": "Nome quartiere", "description_en": "Nome quartiere"}, {"name": "zona", "description": "Nome zona", "annotations": {"facet": true}, "label": "ZONA", "type": "text", "label_it": "ZONA", "label_en": "ZONA", "description_it": "Nome zona", "description_en": "Nome zona"}, {"name": "vecchia_denominazione_quartiere", "description": "Precedente denominazione quartiere", "annotations": {}, "label": "VECCHIA DENOMINAZIONE QUARTIERE", "type": "text", "label_it": "VECCHIA DENOMINAZIONE QUARTIERE", "label_en": "VECCHIA DENOMINAZIONE QUARTIERE", "description_it": "Precedente denominazione quartiere", "description_en": "Precedente denominazione quartiere"}, {"name": "coalizione_civica_federico_tirelli", "description": null, "annotations": {}, "label": "COALIZIONE CIVICA-FEDERICO TIRELLI", "type": "int", "label_it": "COALIZIONE CIVICA-FEDERICO TIRELLI", "label_en": "COALIZIONE CIVICA-FEDERICO TIRELLI", "description_it": null, "description_en": null}, {"name": "coalizione_civica_margherita_camillo", "description": null, "annotations": {}, "label": "COALIZIONE CIVICA-MARGHERITA CAMILLO", "type": "int", "label_it": "COALIZIONE CIVICA-MARGHERITA CAMILLO", "label_en": "COALIZIONE CIVICA-MARGHERITA CAMILLO", "description_it": null, "description_en": null}, {"name": "coalizione_civica_barbara_curcio", "description": null, "annotations": {}, "label": "COALIZIONE CIVICA-BARBARA CURCIO", "type": "int", "label_it": "COALIZIONE CIVICA-BARBARA CURCIO", "label_en": "COALIZIONE CIVICA-BARBARA CURCIO", "description_it": null, "description_en": null}, {"name": "coalizione_civica_vanna_fogli", "description": null, "annotations": {}, "label": "COALIZIONE CIVICA-VANNA FOGLI", "type": "int", "label_it": "COALIZIONE CIVICA-VANNA FOGLI", "label_en": "COALIZIONE CIVICA-VANNA FOGLI", "description_it": null, "description_en": null}, {"name": "coalizione_civica_manuela_lorenzini", "description": null, "annotations": {}, "label": "COALIZIONE CIVICA-MANUELA LORENZINI", "type": "int", "label_it": "COALIZIONE CIVICA-MANUELA LORENZINI", "label_en": "COALIZIONE CIVICA-MANUELA LORENZINI", "description_it": null, "description_en": null}, {"name": "coalizione_civica_irene_soldati", "description": null, "annotations": {}, "label": "COALIZIONE CIVICA-IRENE SOLDATI", "type": "int", "label_it": "COALIZIONE CIVICA-IRENE SOLDATI", "label_en": "COALIZIONE CIVICA-IRENE SOLDATI", "description_it": null, "description_en": null}, {"name": "coalizione_civica_pier_paolo_amodeo", "description": null, "annotations": {}, "label": "COALIZIONE CIVICA-PIER PAOLO AMODEO", "type": "int", "label_it": "COALIZIONE CIVICA-PIER PAOLO AMODEO", "label_en": "COALIZIONE CIVICA-PIER PAOLO AMODEO", "description_it": null, "description_en": null}, {"name": "coalizione_civica_luigi_battistini", "description": null, "annotations": {}, "label": "COALIZIONE CIVICA-LUIGI BATTISTINI", "type": "int", "label_it": "COALIZIONE CIVICA-LUIGI BATTISTINI", "label_en": "COALIZIONE CIVICA-LUIGI BATTISTINI", "description_it": null, "description_en": null}, {"name": "coalizione_civica_aziz_chergui", "description": null, "annotations": {}, "label": "COALIZIONE CIVICA-AZIZ CHERGUI", "type": "int", "label_it": "COALIZIONE CIVICA-AZIZ CHERGUI", "label_en": "COALIZIONE CIVICA-AZIZ CHERGUI", "description_it": null, "description_en": null}, {"name": "coalizione_civica_mauro_chiodarelli", "description": null, "annotations": {}, "label": "COALIZIONE CIVICA-MAURO CHIODARELLI", "type": "int", "label_it": "COALIZIONE CIVICA-MAURO CHIODARELLI", "label_en": "COALIZIONE CIVICA-MAURO CHIODARELLI", "description_it": null, "description_en": null}, {"name": "coalizione_civica_stefano_raffa", "description": null, "annotations": {}, "label": "COALIZIONE CIVICA-STEFANO RAFFA", "type": "int", "label_it": "COALIZIONE CIVICA-STEFANO RAFFA", "label_en": "COALIZIONE CIVICA-STEFANO RAFFA", "description_it": null, "description_en": null}, {"name": "coalizione_civica_antonio_volta", "description": null, "annotations": {}, "label": "COALIZIONE CIVICA-ANTONIO VOLTA", "type": "int", "label_it": "COALIZIONE CIVICA-ANTONIO VOLTA", "label_en": "COALIZIONE CIVICA-ANTONIO VOLTA", "description_it": null, "description_en": null}, {"name": "movimento_5_stelle_beppegrillo_it_nadia_gaggioli", "description": null, "annotations": {}, "label": "MOVIMENTO 5 STELLE BEPPEGRILLO.IT-NADIA GAGGIOLI", "type": "int", "label_it": "MOVIMENTO 5 STELLE BEPPEGRILLO.IT-NADIA GAGGIOLI", "label_en": "MOVIMENTO 5 STELLE BEPPEGRILLO.IT-NADIA GAGGIOLI", "description_it": null, "description_en": null}, {"name": "movimento_5_stelle_beppegrillo_it_augusto_passini", "description": null, "annotations": {}, "label": "MOVIMENTO 5 STELLE BEPPEGRILLO.IT-AUGUSTO PASSINI", "type": "int", "label_it": "MOVIMENTO 5 STELLE BEPPEGRILLO.IT-AUGUSTO PASSINI", "label_en": "MOVIMENTO 5 STELLE BEPPEGRILLO.IT-AUGUSTO PASSINI", "description_it": null, "description_en": null}, {"name": "movimento_5_stelle_beppegrillo_it_stefano_baroni", "description": null, "annotations": {}, "label": "MOVIMENTO 5 STELLE BEPPEGRILLO.IT-STEFANO BARONI", "type": "int", "label_it": "MOVIMENTO 5 STELLE BEPPEGRILLO.IT-STEFANO BARONI", "label_en": "MOVIMENTO 5 STELLE BEPPEGRILLO.IT-STEFANO BARONI", "description_it": null, "description_en": null}, {"name": "movimento_5_stelle_beppegrillo_it_daniela_landi", "description": null, "annotations": {}, "label": "MOVIMENTO 5 STELLE BEPPEGRILLO.IT-DANIELA LANDI", "type": "int", "label_it": "MOVIMENTO 5 STELLE BEPPEGRILLO.IT-DANIELA LANDI", "label_en": "MOVIMENTO 5 STELLE BEPPEGRILLO.IT-DANIELA LANDI", "description_it": null, "description_en": null}, {"name": "movimento_5_stelle_beppegrillo_it_valerio_schonfeld", "description": null, "annotations": {}, "label": "MOVIMENTO 5 STELLE BEPPEGRILLO.IT-VALERIO SCHONFELD", "type": "int", "label_it": "MOVIMENTO 5 STELLE BEPPEGRILLO.IT-VALERIO SCHONFELD", "label_en": "MOVIMENTO 5 STELLE BEPPEGRILLO.IT-VALERIO SCHONFELD", "description_it": null, "description_en": null}, {"name": "movimento_5_stelle_beppegrillo_it_claudio_cesari", "description": null, "annotations": {}, "label": "MOVIMENTO 5 STELLE BEPPEGRILLO.IT-CLAUDIO CESARI", "type": "int", "label_it": "MOVIMENTO 5 STELLE BEPPEGRILLO.IT-CLAUDIO CESARI", "label_en": "MOVIMENTO 5 STELLE BEPPEGRILLO.IT-CLAUDIO CESARI", "description_it": null, "description_en": null}, {"name": "movimento_5_stelle_beppegrillo_it_massimo_de_leo", "description": null, "annotations": {}, "label": "MOVIMENTO 5 STELLE BEPPEGRILLO.IT-MASSIMO DE LEO", "type": "int", "label_it": "MOVIMENTO 5 STELLE BEPPEGRILLO.IT-MASSIMO DE LEO", "label_en": "MOVIMENTO 5 STELLE BEPPEGRILLO.IT-MASSIMO DE LEO", "description_it": null, "description_en": null}, {"name": "movimento_5_stelle_beppegrillo_it_anna_pinto", "description": null, "annotations": {}, "label": "MOVIMENTO 5 STELLE BEPPEGRILLO.IT-ANNA PINTO", "type": "int", "label_it": "MOVIMENTO 5 STELLE BEPPEGRILLO.IT-ANNA PINTO", "label_en": "MOVIMENTO 5 STELLE BEPPEGRILLO.IT-ANNA PINTO", "description_it": null, "description_en": null}, {"name": "movimento_5_stelle_beppegrillo_it_germana_zocchi", "description": null, "annotations": {}, "label": "MOVIMENTO 5 STELLE BEPPEGRILLO.IT-GERMANA ZOCCHI", "type": "int", "label_it": "MOVIMENTO 5 STELLE BEPPEGRILLO.IT-GERMANA ZOCCHI", "label_en": "MOVIMENTO 5 STELLE BEPPEGRILLO.IT-GERMANA ZOCCHI", "description_it": null, "description_en": null}, {"name": "movimento_5_stelle_beppegrillo_it_andrea_pancaldi", "description": null, "annotations": {}, "label": "MOVIMENTO 5 STELLE BEPPEGRILLO.IT-ANDREA PANCALDI", "type": "int", "label_it": "MOVIMENTO 5 STELLE BEPPEGRILLO.IT-ANDREA PANCALDI", "label_en": "MOVIMENTO 5 STELLE BEPPEGRILLO.IT-ANDREA PANCALDI", "description_it": null, "description_en": null}, {"name": "movimento_5_stelle_beppegrillo_it_alba_ciottariell", "description": null, "annotations": {}, "label": "MOVIMENTO 5 STELLE BEPPEGRILLO.IT-ALBA CIOTTARIELL", "type": "int", "label_it": "MOVIMENTO 5 STELLE BEPPEGRILLO.IT-ALBA CIOTTARIELL", "label_en": "MOVIMENTO 5 STELLE BEPPEGRILLO.IT-ALBA CIOTTARIELL", "description_it": null, "description_en": null}, {"name": "movimento_5_stelle_beppegrillo_it_francesco_tornatore", "description": null, "annotations": {}, "label": "MOVIMENTO 5 STELLE BEPPEGRILLO.IT-FRANCESCO TORNATORE", "type": "int", "label_it": "MOVIMENTO 5 STELLE BEPPEGRILLO.IT-FRANCESCO TORNATORE", "label_en": "MOVIMENTO 5 STELLE BEPPEGRILLO.IT-FRANCESCO TORNATORE", "description_it": null, "description_en": null}, {"name": "movimento_5_stelle_beppegrillo_it", "description": null, "annotations": {}, "label": "MOVIMENTO 5 STELLE BEPPEGRILLO.IT-", "type": "text", "label_it": "MOVIMENTO 5 STELLE BEPPEGRILLO.IT-", "label_en": "MOVIMENTO 5 STELLE BEPPEGRILLO.IT-", "description_it": null, "description_en": null}, {"name": "giustizia_onore_liberta_felice_fontana", "description": null, "annotations": {}, "label": "GIUSTIZIA ONORE LIBERTA'-FELICE FONTANA", "type": "int", "label_it": "GIUSTIZIA ONORE LIBERTA'-FELICE FONTANA", "label_en": "GIUSTIZIA ONORE LIBERTA'-FELICE FONTANA", "description_it": null, "description_en": null}, {"name": "giustizia_onore_liberta_laura_battista", "description": null, "annotations": {}, "label": "GIUSTIZIA ONORE LIBERTA'-LAURA BATTISTA", "type": "int", "label_it": "GIUSTIZIA ONORE LIBERTA'-LAURA BATTISTA", "label_en": "GIUSTIZIA ONORE LIBERTA'-LAURA BATTISTA", "description_it": null, "description_en": null}, {"name": "giustizia_onore_liberta_simone_santi", "description": null, "annotations": {}, "label": "GIUSTIZIA ONORE LIBERTA'-SIMONE SANTI", "type": "int", "label_it": "GIUSTIZIA ONORE LIBERTA'-SIMONE SANTI", "label_en": "GIUSTIZIA ONORE LIBERTA'-SIMONE SANTI", "description_it": null, "description_en": null}, {"name": "giustizia_onore_liberta_massimiliano_paci", "description": null, "annotations": {}, "label": "GIUSTIZIA ONORE LIBERTA'-MASSIMILIANO PACI", "type": "int", "label_it": "GIUSTIZIA ONORE LIBERTA'-MASSIMILIANO PACI", "label_en": "GIUSTIZIA ONORE LIBERTA'-MASSIMILIANO PACI", "description_it": null, "description_en": null}, {"name": "giustizia_onore_liberta_longhu_cao", "description": null, "annotations": {}, "label": "GIUSTIZIA ONORE LIBERTA'-LONGHU CAO", "type": "int", "label_it": "GIUSTIZIA ONORE LIBERTA'-LONGHU CAO", "label_en": "GIUSTIZIA ONORE LIBERTA'-LONGHU CAO", "description_it": null, "description_en": null}, {"name": "giustizia_onore_liberta_pietro_cavataio", "description": null, "annotations": {}, "label": "GIUSTIZIA ONORE LIBERTA'-PIETRO CAVATAIO", "type": "int", "label_it": "GIUSTIZIA ONORE LIBERTA'-PIETRO CAVATAIO", "label_en": "GIUSTIZIA ONORE LIBERTA'-PIETRO CAVATAIO", "description_it": null, "description_en": null}, {"name": "giustizia_onore_liberta_rachele_battista", "description": null, "annotations": {}, "label": "GIUSTIZIA ONORE LIBERTA'-RACHELE BATTISTA", "type": "int", "label_it": "GIUSTIZIA ONORE LIBERTA'-RACHELE BATTISTA", "label_en": "GIUSTIZIA ONORE LIBERTA'-RACHELE BATTISTA", "description_it": null, "description_en": null}, {"name": "giustizia_onore_liberta_maria_scibetta", "description": null, "annotations": {}, "label": "GIUSTIZIA ONORE LIBERTA'-MARIA SCIBETTA", "type": "int", "label_it": "GIUSTIZIA ONORE LIBERTA'-MARIA SCIBETTA", "label_en": "GIUSTIZIA ONORE LIBERTA'-MARIA SCIBETTA", "description_it": null, "description_en": null}, {"name": "giustizia_onore_liberta_cirino_salvatore", "description": null, "annotations": {}, "label": "GIUSTIZIA ONORE LIBERTA'-CIRINO SALVATORE", "type": "int", "label_it": "GIUSTIZIA ONORE LIBERTA'-CIRINO SALVATORE", "label_en": "GIUSTIZIA ONORE LIBERTA'-CIRINO SALVATORE", "description_it": null, "description_en": null}, {"name": "giustizia_onore_liberta_marisa_lapico", "description": null, "annotations": {}, "label": "GIUSTIZIA ONORE LIBERTA'-MARISA LAPICO", "type": "int", "label_it": "GIUSTIZIA ONORE LIBERTA'-MARISA LAPICO", "label_en": "GIUSTIZIA ONORE LIBERTA'-MARISA LAPICO", "description_it": null, "description_en": null}, {"name": "il_popolo_della_famiglia_giuseppe_spaccapani", "description": null, "annotations": {}, "label": "IL POPOLO DELLA FAMIGLIA-GIUSEPPE SPACCAPANI", "type": "int", "label_it": "IL POPOLO DELLA FAMIGLIA-GIUSEPPE SPACCAPANI", "label_en": "IL POPOLO DELLA FAMIGLIA-GIUSEPPE SPACCAPANI", "description_it": null, "description_en": null}, {"name": "il_popolo_della_famiglia_alessandro_andalo", "description": null, "annotations": {}, "label": "IL POPOLO DELLA FAMIGLIA-ALESSANDRO ANDALO'", "type": "int", "label_it": "IL POPOLO DELLA FAMIGLIA-ALESSANDRO ANDALO'", "label_en": "IL POPOLO DELLA FAMIGLIA-ALESSANDRO ANDALO'", "description_it": null, "description_en": null}, {"name": "il_popolo_della_famiglia_emanuele_bovina", "description": null, "annotations": {}, "label": "IL POPOLO DELLA FAMIGLIA-EMANUELE BOVINA", "type": "int", "label_it": "IL POPOLO DELLA FAMIGLIA-EMANUELE BOVINA", "label_en": "IL POPOLO DELLA FAMIGLIA-EMANUELE BOVINA", "description_it": null, "description_en": null}, {"name": "il_popolo_della_famiglia_gino_califano", "description": null, "annotations": {}, "label": "IL POPOLO DELLA FAMIGLIA-GINO CALIFANO", "type": "int", "label_it": "IL POPOLO DELLA FAMIGLIA-GINO CALIFANO", "label_en": "IL POPOLO DELLA FAMIGLIA-GINO CALIFANO", "description_it": null, "description_en": null}, {"name": "il_popolo_della_famiglia_elisabetta_casalini", "description": null, "annotations": {}, "label": "IL POPOLO DELLA FAMIGLIA-ELISABETTA CASALINI", "type": "int", "label_it": "IL POPOLO DELLA FAMIGLIA-ELISABETTA CASALINI", "label_en": "IL POPOLO DELLA FAMIGLIA-ELISABETTA CASALINI", "description_it": null, "description_en": null}, {"name": "il_popolo_della_famiglia_matteo_di_benedetto", "description": null, "annotations": {}, "label": "IL POPOLO DELLA FAMIGLIA-MATTEO DI BENEDETTO", "type": "int", "label_it": "IL POPOLO DELLA FAMIGLIA-MATTEO DI BENEDETTO", "label_en": "IL POPOLO DELLA FAMIGLIA-MATTEO DI BENEDETTO", "description_it": null, "description_en": null}, {"name": "il_popolo_della_famiglia_lucilla_medola", "description": null, "annotations": {}, "label": "IL POPOLO DELLA FAMIGLIA-LUCILLA MEDOLA", "type": "int", "label_it": "IL POPOLO DELLA FAMIGLIA-LUCILLA MEDOLA", "label_en": "IL POPOLO DELLA FAMIGLIA-LUCILLA MEDOLA", "description_it": null, "description_en": null}, {"name": "il_popolo_della_famiglia_vitalie_razmerita", "description": null, "annotations": {}, "label": "IL POPOLO DELLA FAMIGLIA-VITALIE RAZMERITA", "type": "int", "label_it": "IL POPOLO DELLA FAMIGLIA-VITALIE RAZMERITA", "label_en": "IL POPOLO DELLA FAMIGLIA-VITALIE RAZMERITA", "description_it": null, "description_en": null}, {"name": "il_popolo_della_famiglia_norma_tarozzi", "description": null, "annotations": {}, "label": "IL POPOLO DELLA FAMIGLIA-NORMA TAROZZI", "type": "int", "label_it": "IL POPOLO DELLA FAMIGLIA-NORMA TAROZZI", "label_en": "IL POPOLO DELLA FAMIGLIA-NORMA TAROZZI", "description_it": null, "description_en": null}, {"name": "il_popolo_della_famiglia_camilla_vecchietti", "description": null, "annotations": {}, "label": "IL POPOLO DELLA FAMIGLIA-CAMILLA VECCHIETTI", "type": "int", "label_it": "IL POPOLO DELLA FAMIGLIA-CAMILLA VECCHIETTI", "label_en": "IL POPOLO DELLA FAMIGLIA-CAMILLA VECCHIETTI", "description_it": null, "description_en": null}, {"name": "insieme_bologna_alessandro_de_leo", "description": null, "annotations": {}, "label": "INSIEME BOLOGNA-ALESSANDRO DE LEO", "type": "int", "label_it": "INSIEME BOLOGNA-ALESSANDRO DE LEO", "label_en": "INSIEME BOLOGNA-ALESSANDRO DE LEO", "description_it": null, "description_en": null}, {"name": "insieme_bologna_fabio_schiassi", "description": null, "annotations": {}, "label": "INSIEME BOLOGNA-FABIO SCHIASSI", "type": "int", "label_it": "INSIEME BOLOGNA-FABIO SCHIASSI", "label_en": "INSIEME BOLOGNA-FABIO SCHIASSI", "description_it": null, "description_en": null}, {"name": "insieme_bologna_ilaria_foschi", "description": null, "annotations": {}, "label": "INSIEME BOLOGNA-ILARIA FOSCHI", "type": "int", "label_it": "INSIEME BOLOGNA-ILARIA FOSCHI", "label_en": "INSIEME BOLOGNA-ILARIA FOSCHI", "description_it": null, "description_en": null}, {"name": "insieme_bologna_enrico_cumani", "description": null, "annotations": {}, "label": "INSIEME BOLOGNA-ENRICO CUMANI", "type": "int", "label_it": "INSIEME BOLOGNA-ENRICO CUMANI", "label_en": "INSIEME BOLOGNA-ENRICO CUMANI", "description_it": null, "description_en": null}, {"name": "insieme_bologna_gerardo_russo", "description": null, "annotations": {}, "label": "INSIEME BOLOGNA-GERARDO RUSSO", "type": "int", "label_it": "INSIEME BOLOGNA-GERARDO RUSSO", "label_en": "INSIEME BOLOGNA-GERARDO RUSSO", "description_it": null, "description_en": null}, {"name": "insieme_bologna_cinzia_garzia", "description": null, "annotations": {}, "label": "INSIEME BOLOGNA-CINZIA GARZIA", "type": "int", "label_it": "INSIEME BOLOGNA-CINZIA GARZIA", "label_en": "INSIEME BOLOGNA-CINZIA GARZIA", "description_it": null, "description_en": null}, {"name": "insieme_bologna_domenico_augello", "description": null, "annotations": {}, "label": "INSIEME BOLOGNA-DOMENICO AUGELLO", "type": "int", "label_it": "INSIEME BOLOGNA-DOMENICO AUGELLO", "label_en": "INSIEME BOLOGNA-DOMENICO AUGELLO", "description_it": null, "description_en": null}, {"name": "insieme_bologna_nicola_stanzani", "description": null, "annotations": {}, "label": "INSIEME BOLOGNA-NICOLA STANZANI", "type": "int", "label_it": "INSIEME BOLOGNA-NICOLA STANZANI", "label_en": "INSIEME BOLOGNA-NICOLA STANZANI", "description_it": null, "description_en": null}, {"name": "insieme_bologna_paola_sasdelli", "description": null, "annotations": {}, "label": "INSIEME BOLOGNA-PAOLA SASDELLI", "type": "int", "label_it": "INSIEME BOLOGNA-PAOLA SASDELLI", "label_en": "INSIEME BOLOGNA-PAOLA SASDELLI", "description_it": null, "description_en": null}, {"name": "insieme_bologna_giuseppe_merrone", "description": null, "annotations": {}, "label": "INSIEME BOLOGNA-GIUSEPPE MERRONE", "type": "int", "label_it": "INSIEME BOLOGNA-GIUSEPPE MERRONE", "label_en": "INSIEME BOLOGNA-GIUSEPPE MERRONE", "description_it": null, "description_en": null}, {"name": "insieme_bologna_massimo_ingenito", "description": null, "annotations": {}, "label": "INSIEME BOLOGNA-MASSIMO INGENITO", "type": "int", "label_it": "INSIEME BOLOGNA-MASSIMO INGENITO", "label_en": "INSIEME BOLOGNA-MASSIMO INGENITO", "description_it": null, "description_en": null}, {"name": "insieme_bologna_eros_matteo", "description": null, "annotations": {}, "label": "INSIEME BOLOGNA-EROS MATTEO", "type": "int", "label_it": "INSIEME BOLOGNA-EROS MATTEO", "label_en": "INSIEME BOLOGNA-EROS MATTEO", "description_it": null, "description_en": null}, {"name": "insieme_bologna_alessandra_bertozzi", "description": null, "annotations": {}, "label": "INSIEME BOLOGNA-ALESSANDRA BERTOZZI", "type": "int", "label_it": "INSIEME BOLOGNA-ALESSANDRA BERTOZZI", "label_en": "INSIEME BOLOGNA-ALESSANDRA BERTOZZI", "description_it": null, "description_en": null}, {"name": "insieme_bologna_elisabetta_zuanon", "description": null, "annotations": {}, "label": "INSIEME BOLOGNA-ELISABETTA ZUANON", "type": "int", "label_it": "INSIEME BOLOGNA-ELISABETTA ZUANON", "label_en": "INSIEME BOLOGNA-ELISABETTA ZUANON", "description_it": null, "description_en": null}, {"name": "uniti_si_vince_gianandrea_vigilante", "description": null, "annotations": {}, "label": "UNITI SI VINCE-GIANANDREA VIGILANTE", "type": "int", "label_it": "UNITI SI VINCE-GIANANDREA VIGILANTE", "label_en": "UNITI SI VINCE-GIANANDREA VIGILANTE", "description_it": null, "description_en": null}, {"name": "uniti_si_vince_michele_ruzza", "description": null, "annotations": {}, "label": "UNITI SI VINCE-MICHELE RUZZA", "type": "int", "label_it": "UNITI SI VINCE-MICHELE RUZZA", "label_en": "UNITI SI VINCE-MICHELE RUZZA", "description_it": null, "description_en": null}, {"name": "uniti_si_vince_claudio_panzacchi", "description": null, "annotations": {}, "label": "UNITI SI VINCE-CLAUDIO PANZACCHI", "type": "int", "label_it": "UNITI SI VINCE-CLAUDIO PANZACCHI", "label_en": "UNITI SI VINCE-CLAUDIO PANZACCHI", "description_it": null, "description_en": null}, {"name": "uniti_si_vince_paola_bacchelli", "description": null, "annotations": {}, "label": "UNITI SI VINCE-PAOLA BACCHELLI", "type": "int", "label_it": "UNITI SI VINCE-PAOLA BACCHELLI", "label_en": "UNITI SI VINCE-PAOLA BACCHELLI", "description_it": null, "description_en": null}, {"name": "uniti_si_vince_laura_frazzoni", "description": null, "annotations": {}, "label": "UNITI SI VINCE-LAURA FRAZZONI", "type": "int", "label_it": "UNITI SI VINCE-LAURA FRAZZONI", "label_en": "UNITI SI VINCE-LAURA FRAZZONI", "description_it": null, "description_en": null}, {"name": "uniti_si_vince_fabiana_fiorini", "description": null, "annotations": {}, "label": "UNITI SI VINCE-FABIANA FIORINI", "type": "int", "label_it": "UNITI SI VINCE-FABIANA FIORINI", "label_en": "UNITI SI VINCE-FABIANA FIORINI", "description_it": null, "description_en": null}, {"name": "uniti_si_vince_giuliano_tamburran", "description": null, "annotations": {}, "label": "UNITI SI VINCE-GIULIANO TAMBURRAN", "type": "int", "label_it": "UNITI SI VINCE-GIULIANO TAMBURRAN", "label_en": "UNITI SI VINCE-GIULIANO TAMBURRAN", "description_it": null, "description_en": null}, {"name": "uniti_si_vince_monica_lollini", "description": null, "annotations": {}, "label": "UNITI SI VINCE-MONICA LOLLINI", "type": "int", "label_it": "UNITI SI VINCE-MONICA LOLLINI", "label_en": "UNITI SI VINCE-MONICA LOLLINI", "description_it": null, "description_en": null}, {"name": "uniti_si_vince_rossana_corazza", "description": null, "annotations": {}, "label": "UNITI SI VINCE-ROSSANA CORAZZA", "type": "int", "label_it": "UNITI SI VINCE-ROSSANA CORAZZA", "label_en": "UNITI SI VINCE-ROSSANA CORAZZA", "description_it": null, "description_en": null}, {"name": "uniti_si_vince_moreno_masotti", "description": null, "annotations": {}, "label": "UNITI SI VINCE-MORENO MASOTTI", "type": "int", "label_it": "UNITI SI VINCE-MORENO MASOTTI", "label_en": "UNITI SI VINCE-MORENO MASOTTI", "description_it": null, "description_en": null}, {"name": "uniti_si_vince_cinzia_serrone", "description": null, "annotations": {}, "label": "UNITI SI VINCE-CINZIA SERRONE", "type": "int", "label_it": "UNITI SI VINCE-CINZIA SERRONE", "label_en": "UNITI SI VINCE-CINZIA SERRONE", "description_it": null, "description_en": null}, {"name": "uniti_si_vince_sergio_biagio", "description": null, "annotations": {}, "label": "UNITI SI VINCE-SERGIO BIAGIO", "type": "int", "label_it": "UNITI SI VINCE-SERGIO BIAGIO", "label_en": "UNITI SI VINCE-SERGIO BIAGIO", "description_it": null, "description_en": null}, {"name": "uniti_si_vince_pasquale_cavallo", "description": null, "annotations": {}, "label": "UNITI SI VINCE-PASQUALE CAVALLO", "type": "int", "label_it": "UNITI SI VINCE-PASQUALE CAVALLO", "label_en": "UNITI SI VINCE-PASQUALE CAVALLO", "description_it": null, "description_en": null}, {"name": "uniti_si_vince_giuseppe_raucci", "description": null, "annotations": {}, "label": "UNITI SI VINCE-GIUSEPPE RAUCCI", "type": "int", "label_it": "UNITI SI VINCE-GIUSEPPE RAUCCI", "label_en": "UNITI SI VINCE-GIUSEPPE RAUCCI", "description_it": null, "description_en": null}, {"name": "uniti_si_vince_alfonso_baratti", "description": null, "annotations": {}, "label": "UNITI SI VINCE-ALFONSO BARATTI", "type": "int", "label_it": "UNITI SI VINCE-ALFONSO BARATTI", "label_en": "UNITI SI VINCE-ALFONSO BARATTI", "description_it": null, "description_en": null}, {"name": "fratelli_d_italia_alleanza_nazionale_sergio_donati", "description": null, "annotations": {}, "label": "FRATELLI D'ITALIA - ALLEANZA NAZIONALE-SERGIO DONATI", "type": "int", "label_it": "FRATELLI D'ITALIA - ALLEANZA NAZIONALE-SERGIO DONATI", "label_en": "FRATELLI D'ITALIA - ALLEANZA NAZIONALE-SERGIO DONATI", "description_it": null, "description_en": null}, {"name": "fratelli_d_italia_alleanza_nazionale_vittorio_fabbri", "description": null, "annotations": {}, "label": "FRATELLI D'ITALIA - ALLEANZA NAZIONALE-VITTORIO FABBRI", "type": "int", "label_it": "FRATELLI D'ITALIA - ALLEANZA NAZIONALE-VITTORIO FABBRI", "label_en": "FRATELLI D'ITALIA - ALLEANZA NAZIONALE-VITTORIO FABBRI", "description_it": null, "description_en": null}, {"name": "fratelli_d_italia_alleanza_nazionale_gianluigi_prencipe", "description": null, "annotations": {}, "label": "FRATELLI D'ITALIA - ALLEANZA NAZIONALE-GIANLUIGI PRENCIPE", "type": "int", "label_it": "FRATELLI D'ITALIA - ALLEANZA NAZIONALE-GIANLUIGI PRENCIPE", "label_en": "FRATELLI D'ITALIA - ALLEANZA NAZIONALE-GIANLUIGI PRENCIPE", "description_it": null, "description_en": null}, {"name": "fratelli_d_italia_alleanza_nazionale_paola_tracchi", "description": null, "annotations": {}, "label": "FRATELLI D'ITALIA - ALLEANZA NAZIONALE-PAOLA TRACCHI", "type": "int", "label_it": "FRATELLI D'ITALIA - ALLEANZA NAZIONALE-PAOLA TRACCHI", "label_en": "FRATELLI D'ITALIA - ALLEANZA NAZIONALE-PAOLA TRACCHI", "description_it": null, "description_en": null}, {"name": "fratelli_d_italia_alleanza_nazionale_antonella_reggiani", "description": null, "annotations": {}, "label": "FRATELLI D'ITALIA - ALLEANZA NAZIONALE-ANTONELLA REGGIANI", "type": "int", "label_it": "FRATELLI D'ITALIA - ALLEANZA NAZIONALE-ANTONELLA REGGIANI", "label_en": "FRATELLI D'ITALIA - ALLEANZA NAZIONALE-ANTONELLA REGGIANI", "description_it": null, "description_en": null}, {"name": "fratelli_d_italia_alleanza_nazionale_luca_boghetta", "description": null, "annotations": {}, "label": "FRATELLI D'ITALIA - ALLEANZA NAZIONALE-LUCA BOGHETTA", "type": "int", "label_it": "FRATELLI D'ITALIA - ALLEANZA NAZIONALE-LUCA BOGHETTA", "label_en": "FRATELLI D'ITALIA - ALLEANZA NAZIONALE-LUCA BOGHETTA", "description_it": null, "description_en": null}, {"name": "fratelli_d_italia_alleanza_nazionale_giorgio_vittorio", "description": null, "annotations": {}, "label": "FRATELLI D'ITALIA - ALLEANZA NAZIONALE-GIORGIO VITTORIO", "type": "int", "label_it": "FRATELLI D'ITALIA - ALLEANZA NAZIONALE-GIORGIO VITTORIO", "label_en": "FRATELLI D'ITALIA - ALLEANZA NAZIONALE-GIORGIO VITTORIO", "description_it": null, "description_en": null}, {"name": "fratelli_d_italia_alleanza_nazionale_antonio_cardacino", "description": null, "annotations": {}, "label": "FRATELLI D'ITALIA - ALLEANZA NAZIONALE-ANTONIO CARDACINO", "type": "int", "label_it": "FRATELLI D'ITALIA - ALLEANZA NAZIONALE-ANTONIO CARDACINO", "label_en": "FRATELLI D'ITALIA - ALLEANZA NAZIONALE-ANTONIO CARDACINO", "description_it": null, "description_en": null}, {"name": "fratelli_d_italia_alleanza_nazionale_pamela_bedinelli", "description": null, "annotations": {}, "label": "FRATELLI D'ITALIA - ALLEANZA NAZIONALE-PAMELA BEDINELLI", "type": "int", "label_it": "FRATELLI D'ITALIA - ALLEANZA NAZIONALE-PAMELA BEDINELLI", "label_en": "FRATELLI D'ITALIA - ALLEANZA NAZIONALE-PAMELA BEDINELLI", "description_it": null, "description_en": null}, {"name": "fratelli_d_italia_alleanza_nazionale_gabriella_angelica", "description": null, "annotations": {}, "label": "FRATELLI D'ITALIA - ALLEANZA NAZIONALE-GABRIELLA ANGELICA", "type": "int", "label_it": "FRATELLI D'ITALIA - ALLEANZA NAZIONALE-GABRIELLA ANGELICA", "label_en": "FRATELLI D'ITALIA - ALLEANZA NAZIONALE-GABRIELLA ANGELICA", "description_it": null, "description_en": null}, {"name": "fratelli_d_italia_alleanza_nazionale_kreshnik_gjergji", "description": null, "annotations": {}, "label": "FRATELLI D'ITALIA - ALLEANZA NAZIONALE-KRESHNIK GJERGJI", "type": "int", "label_it": "FRATELLI D'ITALIA - ALLEANZA NAZIONALE-KRESHNIK GJERGJI", "label_en": "FRATELLI D'ITALIA - ALLEANZA NAZIONALE-KRESHNIK GJERGJI", "description_it": null, "description_en": null}, {"name": "fratelli_d_italia_alleanza_nazionale_caterina_caputo", "description": null, "annotations": {}, "label": "FRATELLI D'ITALIA - ALLEANZA NAZIONALE-CATERINA CAPUTO", "type": "int", "label_it": "FRATELLI D'ITALIA - ALLEANZA NAZIONALE-CATERINA CAPUTO", "label_en": "FRATELLI D'ITALIA - ALLEANZA NAZIONALE-CATERINA CAPUTO", "description_it": null, "description_en": null}, {"name": "centro_destra_davide_lugli", "description": null, "annotations": {}, "label": "CENTRO DESTRA-DAVIDE LUGLI", "type": "int", "label_it": "CENTRO DESTRA-DAVIDE LUGLI", "label_en": "CENTRO DESTRA-DAVIDE LUGLI", "description_it": null, "description_en": null}, {"name": "centro_destra_salvatore_amato", "description": null, "annotations": {}, "label": "CENTRO DESTRA-SALVATORE AMATO", "type": "int", "label_it": "CENTRO DESTRA-SALVATORE AMATO", "label_en": "CENTRO DESTRA-SALVATORE AMATO", "description_it": null, "description_en": null}, {"name": "centro_destra_dalila_jolanda", "description": null, "annotations": {}, "label": "CENTRO DESTRA-DALILA JOLANDA", "type": "int", "label_it": "CENTRO DESTRA-DALILA JOLANDA", "label_en": "CENTRO DESTRA-DALILA JOLANDA", "description_it": null, "description_en": null}, {"name": "centro_destra_michele_baiesi", "description": null, "annotations": {}, "label": "CENTRO DESTRA-MICHELE BAIESI", "type": "int", "label_it": "CENTRO DESTRA-MICHELE BAIESI", "label_en": "CENTRO DESTRA-MICHELE BAIESI", "description_it": null, "description_en": null}, {"name": "centro_destra_enrico_cevolani", "description": null, "annotations": {}, "label": "CENTRO DESTRA-ENRICO CEVOLANI", "type": "int", "label_it": "CENTRO DESTRA-ENRICO CEVOLANI", "label_en": "CENTRO DESTRA-ENRICO CEVOLANI", "description_it": null, "description_en": null}, {"name": "centro_destra_nicola_fasoli", "description": null, "annotations": {}, "label": "CENTRO DESTRA-NICOLA FASOLI", "type": "int", "label_it": "CENTRO DESTRA-NICOLA FASOLI", "label_en": "CENTRO DESTRA-NICOLA FASOLI", "description_it": null, "description_en": null}, {"name": "centro_destra_giulio_favalini", "description": null, "annotations": {}, "label": "CENTRO DESTRA-GIULIO FAVALINI", "type": "int", "label_it": "CENTRO DESTRA-GIULIO FAVALINI", "label_en": "CENTRO DESTRA-GIULIO FAVALINI", "description_it": null, "description_en": null}, {"name": "centro_destra_annalisa_formelli", "description": null, "annotations": {}, "label": "CENTRO DESTRA-ANNALISA FORMELLI", "type": "int", "label_it": "CENTRO DESTRA-ANNALISA FORMELLI", "label_en": "CENTRO DESTRA-ANNALISA FORMELLI", "description_it": null, "description_en": null}, {"name": "centro_destra_alessandro_lucia", "description": null, "annotations": {}, "label": "CENTRO DESTRA-ALESSANDRO LUCIA", "type": "int", "label_it": "CENTRO DESTRA-ALESSANDRO LUCIA", "label_en": "CENTRO DESTRA-ALESSANDRO LUCIA", "description_it": null, "description_en": null}, {"name": "centro_destra_barbara_montebugn", "description": null, "annotations": {}, "label": "CENTRO DESTRA-BARBARA MONTEBUGN", "type": "int", "label_it": "CENTRO DESTRA-BARBARA MONTEBUGN", "label_en": "CENTRO DESTRA-BARBARA MONTEBUGN", "description_it": null, "description_en": null}, {"name": "centro_destra_gaia_diletta_rubini", "description": null, "annotations": {}, "label": "CENTRO DESTRA-GAIA DILETTA RUBINI", "type": "int", "label_it": "CENTRO DESTRA-GAIA DILETTA RUBINI", "label_en": "CENTRO DESTRA-GAIA DILETTA RUBINI", "description_it": null, "description_en": null}, {"name": "centro_destra_luisa_tagliaferr", "description": null, "annotations": {}, "label": "CENTRO DESTRA-LUISA TAGLIAFERR", "type": "int", "label_it": "CENTRO DESTRA-LUISA TAGLIAFERR", "label_en": "CENTRO DESTRA-LUISA TAGLIAFERR", "description_it": null, "description_en": null}, {"name": "centro_destra_arrigo_tinti", "description": null, "annotations": {}, "label": "CENTRO DESTRA-ARRIGO TINTI", "type": "int", "label_it": "CENTRO DESTRA-ARRIGO TINTI", "label_en": "CENTRO DESTRA-ARRIGO TINTI", "description_it": null, "description_en": null}, {"name": "centro_destra_sergio_tognarini", "description": null, "annotations": {}, "label": "CENTRO DESTRA-SERGIO TOGNARINI", "type": "int", "label_it": "CENTRO DESTRA-SERGIO TOGNARINI", "label_en": "CENTRO DESTRA-SERGIO TOGNARINI", "description_it": null, "description_en": null}, {"name": "centro_destra_angelo_zanotti", "description": null, "annotations": {}, "label": "CENTRO DESTRA-ANGELO ZANOTTI", "type": "int", "label_it": "CENTRO DESTRA-ANGELO ZANOTTI", "label_en": "CENTRO DESTRA-ANGELO ZANOTTI", "description_it": null, "description_en": null}, {"name": "centro_sinistra_marzia_benassi", "description": null, "annotations": {}, "label": "CENTRO SINISTRA-MARZIA BENASSI", "type": "int", "label_it": "CENTRO SINISTRA-MARZIA BENASSI", "label_en": "CENTRO SINISTRA-MARZIA BENASSI", "description_it": null, "description_en": null}, {"name": "centro_sinistra_fabrizio_arvieri", "description": null, "annotations": {}, "label": "CENTRO SINISTRA-FABRIZIO ARVIERI", "type": "int", "label_it": "CENTRO SINISTRA-FABRIZIO ARVIERI", "label_en": "CENTRO SINISTRA-FABRIZIO ARVIERI", "description_it": null, "description_en": null}, {"name": "centro_sinistra_antonella_bonafe", "description": null, "annotations": {}, "label": "CENTRO SINISTRA-ANTONELLA BONAFE'", "type": "int", "label_it": "CENTRO SINISTRA-ANTONELLA BONAFE'", "label_en": "CENTRO SINISTRA-ANTONELLA BONAFE'", "description_it": null, "description_en": null}, {"name": "centro_sinistra_edoardo_d_alfonso", "description": null, "annotations": {}, "label": "CENTRO SINISTRA-EDOARDO D'ALFONSO", "type": "int", "label_it": "CENTRO SINISTRA-EDOARDO D'ALFONSO", "label_en": "CENTRO SINISTRA-EDOARDO D'ALFONSO", "description_it": null, "description_en": null}, {"name": "centro_sinistra_giovanna_di_pasquale", "description": null, "annotations": {}, "label": "CENTRO SINISTRA-GIOVANNA DI PASQUALE", "type": "int", "label_it": "CENTRO SINISTRA-GIOVANNA DI PASQUALE", "label_en": "CENTRO SINISTRA-GIOVANNA DI PASQUALE", "description_it": null, "description_en": null}, {"name": "centro_sinistra_maurizio_gaigher", "description": null, "annotations": {}, "label": "CENTRO SINISTRA-MAURIZIO GAIGHER", "type": "int", "label_it": "CENTRO SINISTRA-MAURIZIO GAIGHER", "label_en": "CENTRO SINISTRA-MAURIZIO GAIGHER", "description_it": null, "description_en": null}, {"name": "centro_sinistra_stefano_marchigiani", "description": null, "annotations": {}, "label": "CENTRO SINISTRA-STEFANO MARCHIGIANI", "type": "int", "label_it": "CENTRO SINISTRA-STEFANO MARCHIGIANI", "label_en": "CENTRO SINISTRA-STEFANO MARCHIGIANI", "description_it": null, "description_en": null}, {"name": "centro_sinistra_giovanni_mascaro", "description": null, "annotations": {}, "label": "CENTRO SINISTRA-GIOVANNI MASCARO", "type": "int", "label_it": "CENTRO SINISTRA-GIOVANNI MASCARO", "label_en": "CENTRO SINISTRA-GIOVANNI MASCARO", "description_it": null, "description_en": null}, {"name": "centro_sinistra_mauro_matteucci", "description": null, "annotations": {}, "label": "CENTRO SINISTRA-MAURO MATTEUCCI", "type": "int", "label_it": "CENTRO SINISTRA-MAURO MATTEUCCI", "label_en": "CENTRO SINISTRA-MAURO MATTEUCCI", "description_it": null, "description_en": null}, {"name": "centro_sinistra_ugo_mencherini", "description": null, "annotations": {}, "label": "CENTRO SINISTRA-UGO MENCHERINI", "type": "int", "label_it": "CENTRO SINISTRA-UGO MENCHERINI", "label_en": "CENTRO SINISTRA-UGO MENCHERINI", "description_it": null, "description_en": null}, {"name": "centro_sinistra_simone_montanari", "description": null, "annotations": {}, "label": "CENTRO SINISTRA-SIMONE MONTANARI", "type": "int", "label_it": "CENTRO SINISTRA-SIMONE MONTANARI", "label_en": "CENTRO SINISTRA-SIMONE MONTANARI", "description_it": null, "description_en": null}, {"name": "centro_sinistra_bruna_naldi", "description": null, "annotations": {}, "label": "CENTRO SINISTRA-BRUNA NALDI", "type": "int", "label_it": "CENTRO SINISTRA-BRUNA NALDI", "label_en": "CENTRO SINISTRA-BRUNA NALDI", "description_it": null, "description_en": null}, {"name": "centro_sinistra_giorgia_resca", "description": null, "annotations": {}, "label": "CENTRO SINISTRA-GIORGIA RESCA", "type": "int", "label_it": "CENTRO SINISTRA-GIORGIA RESCA", "label_en": "CENTRO SINISTRA-GIORGIA RESCA", "description_it": null, "description_en": null}, {"name": "centro_sinistra_giulia_tedeschi", "description": null, "annotations": {}, "label": "CENTRO SINISTRA-GIULIA TEDESCHI", "type": "int", "label_it": "CENTRO SINISTRA-GIULIA TEDESCHI", "label_en": "CENTRO SINISTRA-GIULIA TEDESCHI", "description_it": null, "description_en": null}, {"name": "centro_sinistra_giuseppe_vitiello", "description": null, "annotations": {}, "label": "CENTRO SINISTRA-GIUSEPPE VITIELLO", "type": "int", "label_it": "CENTRO SINISTRA-GIUSEPPE VITIELLO", "label_en": "CENTRO SINISTRA-GIUSEPPE VITIELLO", "description_it": null, "description_en": null}], "metas": {"dcat": {"created": null, "issued": null, "creator": "Comune di Bologna", "contributor": null, "contact_name": "Ufficio Dati e Open Data", "contact_email": "opendata@comune.bologna.it", "accrualperiodicity": "http://publications.europa.eu/resource/authority/frequency/NEVER", "spatial": null, "temporal": null, "granularity": null, "dataquality": null, "publisher_type": null, "conforms_to": null, "temporal_coverage_start": null, "temporal_coverage_end": null, "accessRights": null, "relation": null}, "semantic": {"rml_mapping": null, "classes": null, "properties": null}, "dcat_ap_it": {"publisher_id": null}, "default": {"title": "Elezioni amministrative 2016. Consigli Circoscrizionali - Quartiere Savena", "title_it": "Elezioni amministrative 2016. Consigli Circoscrizionali - Quartiere Savena", "title_en": "Elezioni amministrative 2016. Consigli Circoscrizionali - Quartiere Savena", "description": "<p>Elezioni amministrative 2016. Voti ai candidati per il Consiglio Circoscrizionale per il quartiere Savena</p>", "description_it": "<p>Elezioni amministrative 2016. Voti ai candidati per il Consiglio Circoscrizionale per il quartiere Savena</p>", "description_en": "<p>Elezioni amministrative 2016. Voti ai candidati per il Consiglio Circoscrizionale per il quartiere Savena</p>", "theme": ["Regioni e citt\u00e0"], "theme_it": ["Regioni e citt\u00e0"], "theme_en": ["Regioni e citt\u00e0"], "keyword": null, "keyword_it": null, "keyword_en": null, "license": "CC BY 4.0", "license_it": "CC BY 4.0", "license_en": "CC BY 4.0", "license_url": "https://creativecommons.org/licenses/by/4.0/", "license_url_it": "https://creativecommons.org/licenses/by/4.0/", "license_url_en": "https://creativecommons.org/licenses/by/4.0/", "language": "it", "metadata_languages": ["it"], "timezone": ["Europe/Rome"], "modified": "2016-06-20T11:31:30+00:00", "modified_updates_on_metadata_change": false, "modified_updates_on_data_change": false, "data_processed": "2021-03-18T12:45:18.690000+00:00", "metadata_processed": "2025-03-20T10:03:54.505000+00:00", "geographic_reference": ["world_it"], "geographic_reference_auto": true, "territory": ["Italy"], "geometry_types": null, "bbox": null, "publisher": "Comune di Bologna", "publisher_it": "Comune di Bologna", "publisher_en": "Comune di Bologna", "references": null, "records_count": 71, "attributions": null, "source_domain": null, "source_domain_title": null, "source_domain_address": null, "source_dataset": null, "shared_catalog": null, "federated": false, "parent_domain": null, "update_frequency": null}}}}