{"links": [{"rel": "self", "href": "https://opendata.comune.bologna.it/api/v2/catalog/datasets/elezioni-amministrative-2016-preferenze-lista-bologna-metropolitana-fa-centro"}, {"rel": "datasets", "href": "https://opendata.comune.bologna.it/api/v2/catalog/datasets"}, {"rel": "records", "href": "https://opendata.comune.bologna.it/api/v2/catalog/datasets/elezioni-amministrative-2016-preferenze-lista-bologna-metropolitana-fa-centro/records"}, {"rel": "exports", "href": "https://opendata.comune.bologna.it/api/v2/catalog/datasets/elezioni-amministrative-2016-preferenze-lista-bologna-metropolitana-fa-centro/exports"}, {"rel": "facets", "href": "https://opendata.comune.bologna.it/api/v2/catalog/datasets/elezioni-amministrative-2016-preferenze-lista-bologna-metropolitana-fa-centro/facets"}], "dataset": {"visibility": "domain", "dataset_id": "elezioni-amministrative-2016-preferenze-lista-bologna-metropolitana-fa-centro", "dataset_uid": "da_95risy", "has_records": true, "features": ["analyze"], "attachments": [], "alternative_exports": [], "data_visible": true, "fields": [{"name": "sezione", "description": "Numero sezione elettorale", "annotations": {}, "label": "SEZIONE", "type": "int", "label_it": "SEZIONE", "label_en": "SEZIONE", "description_it": "Numero sezione elettorale", "description_en": "Numero sezione elettorale"}, {"name": "iscritti", "description": "Numero votanti iscritti", "annotations": {}, "label": "ISCRITTI", "type": "int", "label_it": "ISCRITTI", "label_en": "ISCRITTI", "description_it": "Numero votanti iscritti", "description_en": "Numero votanti iscritti"}, {"name": "quartiere", "description": "Nome quartiere", "annotations": {"facet": true}, "label": "QUARTIERE", "type": "text", "label_it": "QUARTIERE", "label_en": "QUARTIERE", "description_it": "Nome quartiere", "description_en": "Nome quartiere"}, {"name": "zona", "description": "Nome zona", "annotations": {"facet": true}, "label": "ZONA", "type": "text", "label_it": "ZONA", "label_en": "ZONA", "description_it": "Nome zona", "description_en": "Nome zona"}, {"name": "vecchia_denominazione_quartiere", "description": "Precedente denominazione quartiere", "annotations": {}, "label": "VECCHIA DENOMINAZIONE QUARTIERE", "type": "text", "label_it": "VECCHIA DENOMINAZIONE QUARTIERE", "label_en": "VECCHIA DENOMINAZIONE QUARTIERE", "description_it": "Precedente denominazione quartiere", "description_en": "Precedente denominazione quartiere"}, {"name": "lista", "description": "Nome lista", "annotations": {}, "label": "LISTA", "type": "text", "label_it": "LISTA", "label_en": "LISTA", "description_it": "Nome lista", "description_en": "Nome lista"}, {"name": "emilio_franzoni", "description": "Candidato", "annotations": {}, "label": "Emilio Franzoni", "type": "int", "label_it": "Emilio Franzoni", "label_en": "Emilio Franzoni", "description_it": "Candidato", "description_en": "Candidato"}, {"name": "francesca_rossi", "description": "Candidato", "annotations": {}, "label": "Francesca Rossi", "type": "int", "label_it": "Francesca Rossi", "label_en": "Francesca Rossi", "description_it": "Candidato", "description_en": "Candidato"}, {"name": "carlo_hanau", "description": "Candidato", "annotations": {}, "label": "Carlo Hanau", "type": "int", "label_it": "Carlo Hanau", "label_en": "Carlo Hanau", "description_it": "Candidato", "description_en": "Candidato"}, {"name": "francesca_palumbi", "description": "Candidato", "annotations": {}, "label": "Francesca Palumbi", "type": "int", "label_it": "Francesca Palumbi", "label_en": "Francesca Palumbi", "description_it": "Candidato", "description_en": "Candidato"}, {"name": "lucio_vascotto", "description": "Candidato", "annotations": {}, "label": "Lucio Vascotto", "type": "int", "label_it": "Lucio Vascotto", "label_en": "Lucio Vascotto", "description_it": "Candidato", "description_en": "Candidato"}, {"name": "alessia_arcidiacono", "description": "Candidato", "annotations": {}, "label": "Alessia Arcidiacono", "type": "int", "label_it": "Alessia Arcidiacono", "label_en": "Alessia Arcidiacono", "description_it": "Candidato", "description_en": "Candidato"}, {"name": "massimiliano_crudo", "description": "Candidato", "annotations": {}, "label": "Massimiliano Crudo", "type": "int", "label_it": "Massimiliano Crudo", "label_en": "Massimiliano Crudo", "description_it": "Candidato", "description_en": "Candidato"}, {"name": "elisabetta_possati", "description": "Candidato", "annotations": {}, "label": "Elisabetta Possati", "type": "int", "label_it": "Elisabetta Possati", "label_en": "Elisabetta Possati", "description_it": "Candidato", "description_en": "Candidato"}, {"name": "vinicio_grandi", "description": "Candidato", "annotations": {}, "label": "Vinicio Grandi", "type": "int", "label_it": "Vinicio Grandi", "label_en": "Vinicio Grandi", "description_it": "Candidato", "description_en": "Candidato"}, {"name": "francesca_grosso", "description": "Candidato", "annotations": {}, "label": "Francesca Grosso", "type": "int", "label_it": "Francesca Grosso", "label_en": "Francesca Grosso", "description_it": "Candidato", "description_en": "Candidato"}, {"name": "diego_colletti", "description": "Candidato", "annotations": {}, "label": "Diego Colletti", "type": "int", "label_it": "Diego Colletti", "label_en": "Diego Colletti", "description_it": "Candidato", "description_en": "Candidato"}, {"name": "alessandro_scotti", "description": "Candidato", "annotations": {}, "label": "Alessandro Scotti", "type": "int", "label_it": "Alessandro Scotti", "label_en": "Alessandro Scotti", "description_it": "Candidato", "description_en": "Candidato"}, {"name": "maddalena_costa", "description": "Candidato", "annotations": {}, "label": "Maddalena Costa", "type": "int", "label_it": "Maddalena Costa", "label_en": "Maddalena Costa", "description_it": "Candidato", "description_en": "Candidato"}, {"name": "luca_vascotto", "description": "Candidato", "annotations": {}, "label": "Luca Vascotto", "type": "int", "label_it": "Luca Vascotto", "label_en": "Luca Vascotto", "description_it": "Candidato", "description_en": "Candidato"}, {"name": "valentina_francia", "description": "Candidato", "annotations": {}, "label": "Valentina Francia", "type": "int", "label_it": "Valentina Francia", "label_en": "Valentina Francia", "description_it": "Candidato", "description_en": "Candidato"}, {"name": "maurizio_bombaci", "description": "Candidato", "annotations": {}, "label": "Maurizio Bombaci", "type": "int", "label_it": "Maurizio Bombaci", "label_en": "Maurizio Bombaci", "description_it": "Candidato", "description_en": "Candidato"}, {"name": "gianna_cassanelli", "description": "Candidato", "annotations": {}, "label": "Gianna Cassanelli", "type": "int", "label_it": "Gianna Cassanelli", "label_en": "Gianna Cassanelli", "description_it": "Candidato", "description_en": "Candidato"}, {"name": "renato_scotti", "description": "Candidato", "annotations": {}, "label": "Renato Scotti", "type": "int", "label_it": "Renato Scotti", "label_en": "Renato Scotti", "description_it": "Candidato", "description_en": "Candidato"}, {"name": "aidee_corroppoli", "description": "Candidato", "annotations": {}, "label": "Aidee Corroppoli", "type": "int", "label_it": "Aidee Corroppoli", "label_en": "Aidee Corroppoli", "description_it": "Candidato", "description_en": "Candidato"}, {"name": "stefano_setti", "description": "Candidato", "annotations": {}, "label": "Stefano Setti", "type": "int", "label_it": "Stefano Setti", "label_en": "Stefano Setti", "description_it": "Candidato", "description_en": "Candidato"}, {"name": "daniela_tamarri", "description": "Candidato", "annotations": {}, "label": "Daniela Tamarri", "type": "int", "label_it": "Daniela Tamarri", "label_en": "Daniela Tamarri", "description_it": "Candidato", "description_en": "Candidato"}, {"name": "marco_zaniboni", "description": "Candidato", "annotations": {}, "label": "Marco Zaniboni", "type": "int", "label_it": "Marco Zaniboni", "label_en": "Marco Zaniboni", "description_it": "Candidato", "description_en": "Candidato"}, {"name": "paola_gualandi", "description": "Candidato", "annotations": {}, "label": "Paola Gualandi", "type": "int", "label_it": "Paola Gualandi", "label_en": "Paola Gualandi", "description_it": "Candidato", "description_en": "Candidato"}, {"name": "gianna_dondi", "description": "Candidato", "annotations": {}, "label": "Gianna Dondi", "type": "int", "label_it": "Gianna Dondi", "label_en": "Gianna Dondi", "description_it": "Candidato", "description_en": "Candidato"}, {"name": "silvia_bigucci", "description": "Candidato", "annotations": {}, "label": "Silvia Bigucci", "type": "int", "label_it": "Silvia Bigucci", "label_en": "Silvia Bigucci", "description_it": "Candidato", "description_en": "Candidato"}, {"name": "adriana_bufanio", "description": "Candidato", "annotations": {}, "label": "Adriana Bufanio", "type": "int", "label_it": "Adriana Bufanio", "label_en": "Adriana Bufanio", "description_it": "Candidato", "description_en": "Candidato"}, {"name": "mauro_casu", "description": "Candidato", "annotations": {}, "label": "Mauro Casu", "type": "int", "label_it": "Mauro Casu", "label_en": "Mauro Casu", "description_it": "Candidato", "description_en": "Candidato"}], "metas": {"dcat": {"created": null, "issued": null, "creator": "Comune di Bologna", "contributor": null, "contact_name": "Ufficio Dati e Open Data", "contact_email": "opendata@comune.bologna.it", "accrualperiodicity": "http://publications.europa.eu/resource/authority/frequency/NEVER", "spatial": null, "temporal": null, "granularity": null, "dataquality": null, "publisher_type": null, "conforms_to": null, "temporal_coverage_start": null, "temporal_coverage_end": null, "accessRights": null, "relation": null}, "semantic": {"rml_mapping": null, "classes": null, "properties": null}, "dcat_ap_it": {"publisher_id": null}, "default": {"title": "Elezioni amministrative 2016 - Preferenze lista BOLOGNA METROPOLITANA FA CENTRO", "title_it": "Elezioni amministrative 2016 - Preferenze lista BOLOGNA METROPOLITANA FA CENTRO", "title_en": "Elezioni amministrative 2016 - Preferenze lista BOLOGNA METROPOLITANA FA CENTRO", "description": "<p>Elezioni amministrative 2016. Voti assegnati ai candidati delle liste per il Consiglio Comunale.</p><p>I dati pubblicati, si riferiscono alle comunicazioni pervenute dai presidenti di seggio al termine delle operazioni di scrutinio, e non rivestono, pertanto, carattere di ufficialit\u00e0.\u00a0La proclamazione ufficiale degli esiti \u00e8 prerogativa degli uffici elettorali centrali e circoscrizionali.</p>", "description_it": "<p>Elezioni amministrative 2016. Voti assegnati ai candidati delle liste per il Consiglio Comunale.</p><p>I dati pubblicati, si riferiscono alle comunicazioni pervenute dai presidenti di seggio al termine delle operazioni di scrutinio, e non rivestono, pertanto, carattere di ufficialit\u00e0.\u00a0La proclamazione ufficiale degli esiti \u00e8 prerogativa degli uffici elettorali centrali e circoscrizionali.</p>", "description_en": "<p>Elezioni amministrative 2016. Voti assegnati ai candidati delle liste per il Consiglio Comunale.</p><p>I dati pubblicati, si riferiscono alle comunicazioni pervenute dai presidenti di seggio al termine delle operazioni di scrutinio, e non rivestono, pertanto, carattere di ufficialit\u00e0.\u00a0La proclamazione ufficiale degli esiti \u00e8 prerogativa degli uffici elettorali centrali e circoscrizionali.</p>", "theme": ["Regioni e citt\u00e0"], "theme_it": ["Regioni e citt\u00e0"], "theme_en": ["Regioni e citt\u00e0"], "keyword": null, "keyword_it": null, "keyword_en": null, "license": "CC BY 4.0", "license_it": "CC BY 4.0", "license_en": "CC BY 4.0", "license_url": "https://creativecommons.org/licenses/by/4.0/", "license_url_it": "https://creativecommons.org/licenses/by/4.0/", "license_url_en": "https://creativecommons.org/licenses/by/4.0/", "language": "it", "metadata_languages": ["it"], "timezone": ["Europe/Rome"], "modified": "2016-06-20T10:27:47+00:00", "modified_updates_on_metadata_change": false, "modified_updates_on_data_change": false, "data_processed": "2025-05-08T15:38:34.423000+00:00", "metadata_processed": "2025-05-08T15:38:34.488000+00:00", "geographic_reference": ["world_it"], "geographic_reference_auto": true, "territory": ["Italy"], "geometry_types": null, "bbox": null, "publisher": "Comune di Bologna", "publisher_it": "Comune di Bologna", "publisher_en": "Comune di Bologna", "references": null, "records_count": 445, "attributions": null, "source_domain": null, "source_domain_title": null, "source_domain_address": null, "source_dataset": null, "shared_catalog": null, "federated": false, "parent_domain": null, "update_frequency": null}}}}