{"links": [{"rel": "self", "href": "https://opendata.comune.bologna.it/api/v2/catalog/datasets/elezioni-amministrative-2016-preferenze-lista-il-popolo-della-famiglia"}, {"rel": "datasets", "href": "https://opendata.comune.bologna.it/api/v2/catalog/datasets"}, {"rel": "records", "href": "https://opendata.comune.bologna.it/api/v2/catalog/datasets/elezioni-amministrative-2016-preferenze-lista-il-popolo-della-famiglia/records"}, {"rel": "exports", "href": "https://opendata.comune.bologna.it/api/v2/catalog/datasets/elezioni-amministrative-2016-preferenze-lista-il-popolo-della-famiglia/exports"}, {"rel": "facets", "href": "https://opendata.comune.bologna.it/api/v2/catalog/datasets/elezioni-amministrative-2016-preferenze-lista-il-popolo-della-famiglia/facets"}], "dataset": {"visibility": "domain", "dataset_id": "elezioni-amministrative-2016-preferenze-lista-il-popolo-della-famiglia", "dataset_uid": "da_qpzqh4", "has_records": true, "features": ["analyze"], "attachments": [], "alternative_exports": [], "data_visible": true, "fields": [{"name": "sezione", "description": "Numero sezione elettorale", "annotations": {}, "label": "SEZIONE", "type": "int", "label_it": "SEZIONE", "label_en": "SEZIONE", "description_it": "Numero sezione elettorale", "description_en": "Numero sezione elettorale"}, {"name": "quartiere", "description": "Nome quartiere", "annotations": {"facet": true}, "label": "QUARTIERE", "type": "text", "label_it": "QUARTIERE", "label_en": "QUARTIERE", "description_it": "Nome quartiere", "description_en": "Nome quartiere"}, {"name": "zona", "description": "Nome zona", "annotations": {"facet": true}, "label": "ZONA", "type": "text", "label_it": "ZONA", "label_en": "ZONA", "description_it": "Nome zona", "description_en": "Nome zona"}, {"name": "vecchia_denominazione_quartiere", "description": "Precedente denominazione quartiere", "annotations": {}, "label": "VECCHIA DENOMINAZIONE QUARTIERE", "type": "text", "label_it": "VECCHIA DENOMINAZIONE QUARTIERE", "label_en": "VECCHIA DENOMINAZIONE QUARTIERE", "description_it": "Precedente denominazione quartiere", "description_en": "Precedente denominazione quartiere"}, {"name": "iscritti", "description": "Numero votanti iscritti", "annotations": {}, "label": "ISCRITTI", "type": "int", "label_it": "ISCRITTI", "label_en": "ISCRITTI", "description_it": "Numero votanti iscritti", "description_en": "Numero votanti iscritti"}, {"name": "lista", "description": "Nome lista", "annotations": {}, "label": "LISTA", "type": "text", "label_it": "LISTA", "label_en": "LISTA", "description_it": "Nome lista", "description_en": "Nome lista"}, {"name": "alessandra_brasa", "description": "Candidato", "annotations": {}, "label": "Alessandra Brasa", "type": "int", "label_it": "Alessandra Brasa", "label_en": "Alessandra Brasa", "description_it": "Candidato", "description_en": "Candidato"}, {"name": "paolo_de_fraia", "description": "Candidato", "annotations": {}, "label": "Paolo De Fraia", "type": "int", "label_it": "Paolo De Fraia", "label_en": "Paolo De Fraia", "description_it": "Candidato", "description_en": "Candidato"}, {"name": "roberto_amato", "description": "Candidato", "annotations": {}, "label": "Roberto Amato", "type": "int", "label_it": "Roberto Amato", "label_en": "Roberto Amato", "description_it": "Candidato", "description_en": "Candidato"}, {"name": "marcello_baldini", "description": "Candidato", "annotations": {}, "label": "Marcello Baldini", "type": "int", "label_it": "Marcello Baldini", "label_en": "Marcello Baldini", "description_it": "Candidato", "description_en": "Candidato"}, {"name": "giovanna_bonazzi", "description": "Candidato", "annotations": {}, "label": "Giovanna Bonazzi", "type": "int", "label_it": "Giovanna Bonazzi", "label_en": "Giovanna Bonazzi", "description_it": "Candidato", "description_en": "Candidato"}, {"name": "maria_bonito", "description": "Candidato", "annotations": {}, "label": "Maria Bonito", "type": "int", "label_it": "Maria Bonito", "label_en": "Maria Bonito", "description_it": "Candidato", "description_en": "Candidato"}, {"name": "gino_califano", "description": "Candidato", "annotations": {}, "label": "Gino Califano", "type": "int", "label_it": "Gino Califano", "label_en": "Gino Califano", "description_it": "Candidato", "description_en": "Candidato"}, {"name": "elisabetta_casalini", "description": "Candidato", "annotations": {}, "label": "Elisabetta Casalini", "type": "int", "label_it": "Elisabetta Casalini", "label_en": "Elisabetta Casalini", "description_it": "Candidato", "description_en": "Candidato"}, {"name": "chiara_cazzoli", "description": "Candidato", "annotations": {}, "label": "Chiara Cazzoli", "type": "int", "label_it": "Chiara Cazzoli", "label_en": "Chiara Cazzoli", "description_it": "Candidato", "description_en": "Candidato"}, {"name": "valerio_corazza", "description": "Candidato", "annotations": {}, "label": "Valerio Corazza", "type": "int", "label_it": "Valerio Corazza", "label_en": "Valerio Corazza", "description_it": "Candidato", "description_en": "Candidato"}, {"name": "matteo_di_benedetto", "description": "Candidato", "annotations": {}, "label": "Matteo Di Benedetto", "type": "int", "label_it": "Matteo Di Benedetto", "label_en": "Matteo Di Benedetto", "description_it": "Candidato", "description_en": "Candidato"}, {"name": "marco_di_madero", "description": "Candidato", "annotations": {}, "label": "Marco Di Madero", "type": "int", "label_it": "Marco Di Madero", "label_en": "Marco Di Madero", "description_it": "Candidato", "description_en": "Candidato"}, {"name": "riccardo_ferioli", "description": "Candidato", "annotations": {}, "label": "Riccardo Ferioli", "type": "int", "label_it": "Riccardo Ferioli", "label_en": "Riccardo Ferioli", "description_it": "Candidato", "description_en": "Candidato"}, {"name": "paolo_fontana", "description": "Candidato", "annotations": {}, "label": "Paolo Fontana", "type": "int", "label_it": "Paolo Fontana", "label_en": "Paolo Fontana", "description_it": "Candidato", "description_en": "Candidato"}, {"name": "massimiliano_fiorin", "description": "Candidato", "annotations": {}, "label": "Massimiliano Fiorin", "type": "int", "label_it": "Massimiliano Fiorin", "label_en": "Massimiliano Fiorin", "description_it": "Candidato", "description_en": "Candidato"}, {"name": "grazia_guiducci", "description": "Candidato", "annotations": {}, "label": "Grazia Guiducci", "type": "int", "label_it": "Grazia Guiducci", "label_en": "Grazia Guiducci", "description_it": "Candidato", "description_en": "Candidato"}, {"name": "marco_innocenti", "description": "Candidato", "annotations": {}, "label": "Marco Innocenti", "type": "int", "label_it": "Marco Innocenti", "label_en": "Marco Innocenti", "description_it": "Candidato", "description_en": "Candidato"}, {"name": "disolina_nanni", "description": "Candidato", "annotations": {}, "label": "Disolina Nanni", "type": "int", "label_it": "Disolina Nanni", "label_en": "Disolina Nanni", "description_it": "Candidato", "description_en": "Candidato"}, {"name": "maria_cristina_nanni", "description": "Candidato", "annotations": {}, "label": "Maria Cristina Nanni", "type": "int", "label_it": "Maria Cristina Nanni", "label_en": "Maria Cristina Nanni", "description_it": "Candidato", "description_en": "Candidato"}, {"name": "andrea_nepoti_goitan", "description": "Candidato", "annotations": {}, "label": "Andrea Nepoti Goitan", "type": "int", "label_it": "Andrea Nepoti Goitan", "label_en": "Andrea Nepoti Goitan", "description_it": "Candidato", "description_en": "Candidato"}, {"name": "leo_orlandi", "description": "Candidato", "annotations": {}, "label": "Leo Orlandi", "type": "int", "label_it": "Leo Orlandi", "label_en": "Leo Orlandi", "description_it": "Candidato", "description_en": "Candidato"}, {"name": "caterina_piccirillo", "description": "Candidato", "annotations": {}, "label": "Caterina Piccirillo", "type": "int", "label_it": "Caterina Piccirillo", "label_en": "Caterina Piccirillo", "description_it": "Candidato", "description_en": "Candidato"}, {"name": "giorgio_quarantotto", "description": "Candidato", "annotations": {}, "label": "Giorgio Quarantotto", "type": "int", "label_it": "Giorgio Quarantotto", "label_en": "Giorgio Quarantotto", "description_it": "Candidato", "description_en": "Candidato"}, {"name": "vitalie_razmerita", "description": "Candidato", "annotations": {}, "label": "Vitalie Razmerita", "type": "int", "label_it": "Vitalie Razmerita", "label_en": "Vitalie Razmerita", "description_it": "Candidato", "description_en": "Candidato"}, {"name": "morena_rizzoli", "description": "Candidato", "annotations": {}, "label": "Morena Rizzoli", "type": "int", "label_it": "Morena Rizzoli", "label_en": "Morena Rizzoli", "description_it": "Candidato", "description_en": "Candidato"}, {"name": "paolo_rodella", "description": "Candidato", "annotations": {}, "label": "Paolo Rodella", "type": "int", "label_it": "Paolo Rodella", "label_en": "Paolo Rodella", "description_it": "Candidato", "description_en": "Candidato"}, {"name": "giuseppe_spaccapanicci", "description": "Candidato", "annotations": {}, "label": "Giuseppe Spaccapanicci", "type": "int", "label_it": "Giuseppe Spaccapanicci", "label_en": "Giuseppe Spaccapanicci", "description_it": "Candidato", "description_en": "Candidato"}, {"name": "norma_tarozzi", "description": "Candidato", "annotations": {}, "label": "Norma Tarozzi", "type": "int", "label_it": "Norma Tarozzi", "label_en": "Norma Tarozzi", "description_it": "Candidato", "description_en": "Candidato"}, {"name": "luca_tepedino", "description": "Candidato", "annotations": {}, "label": "Luca Tepedino", "type": "int", "label_it": "Luca Tepedino", "label_en": "Luca Tepedino", "description_it": "Candidato", "description_en": "Candidato"}, {"name": "camilla_vecchietti", "description": "Candidato", "annotations": {}, "label": "Camilla Vecchietti", "type": "int", "label_it": "Camilla Vecchietti", "label_en": "Camilla Vecchietti", "description_it": "Candidato", "description_en": "Candidato"}, {"name": "valentino_venturi", "description": "Candidato", "annotations": {}, "label": "Valentino Venturi", "type": "int", "label_it": "Valentino Venturi", "label_en": "Valentino Venturi", "description_it": "Candidato", "description_en": "Candidato"}, {"name": "gianluigi_veronesi", "description": "Candidato", "annotations": {}, "label": "Gianluigi Veronesi", "type": "int", "label_it": "Gianluigi Veronesi", "label_en": "Gianluigi Veronesi", "description_it": "Candidato", "description_en": "Candidato"}, {"name": "vittorio_baldini", "description": "Candidato", "annotations": {}, "label": "Vittorio Baldini", "type": "int", "label_it": "Vittorio Baldini", "label_en": "Vittorio Baldini", "description_it": "Candidato", "description_en": "Candidato"}, {"name": "alessandro_andalo", "description": "Candidato", "annotations": {}, "label": "Alessandro Andalo'", "type": "int", "label_it": "Alessandro Andalo'", "label_en": "Alessandro Andalo'", "description_it": "Candidato", "description_en": "Candidato"}], "metas": {"dcat": {"created": null, "issued": null, "creator": "Comune di Bologna", "contributor": null, "contact_name": "Ufficio Dati e Open Data", "contact_email": "opendata@comune.bologna.it", "accrualperiodicity": "http://publications.europa.eu/resource/authority/frequency/NEVER", "spatial": null, "temporal": null, "granularity": null, "dataquality": null, "publisher_type": null, "conforms_to": null, "temporal_coverage_start": null, "temporal_coverage_end": null, "accessRights": null, "relation": null}, "semantic": {"rml_mapping": null, "classes": null, "properties": null}, "dcat_ap_it": {"publisher_id": null}, "default": {"title": "Elezioni amministrative 2016 - Preferenze lista IL POPOLO DELLA FAMIGLIA", "title_it": "Elezioni amministrative 2016 - Preferenze lista IL POPOLO DELLA FAMIGLIA", "title_en": "Elezioni amministrative 2016 - Preferenze lista IL POPOLO DELLA FAMIGLIA", "description": "<p>Elezioni amministrative 2016. Voti assegnati ai candidati delle liste per il Consiglio Comunale.</p><p>I dati pubblicati, si riferiscono alle comunicazioni pervenute dai presidenti di seggio al termine delle operazioni di scrutinio, e non rivestono, pertanto, carattere di ufficialit\u00e0.\u00a0La proclamazione ufficiale degli esiti \u00e8 prerogativa degli uffici elettorali centrali e circoscrizionali.</p>", "description_it": "<p>Elezioni amministrative 2016. Voti assegnati ai candidati delle liste per il Consiglio Comunale.</p><p>I dati pubblicati, si riferiscono alle comunicazioni pervenute dai presidenti di seggio al termine delle operazioni di scrutinio, e non rivestono, pertanto, carattere di ufficialit\u00e0.\u00a0La proclamazione ufficiale degli esiti \u00e8 prerogativa degli uffici elettorali centrali e circoscrizionali.</p>", "description_en": "<p>Elezioni amministrative 2016. Voti assegnati ai candidati delle liste per il Consiglio Comunale.</p><p>I dati pubblicati, si riferiscono alle comunicazioni pervenute dai presidenti di seggio al termine delle operazioni di scrutinio, e non rivestono, pertanto, carattere di ufficialit\u00e0.\u00a0La proclamazione ufficiale degli esiti \u00e8 prerogativa degli uffici elettorali centrali e circoscrizionali.</p>", "theme": ["Regioni e citt\u00e0"], "theme_it": ["Regioni e citt\u00e0"], "theme_en": ["Regioni e citt\u00e0"], "keyword": null, "keyword_it": null, "keyword_en": null, "license": "CC BY 4.0", "license_it": "CC BY 4.0", "license_en": "CC BY 4.0", "license_url": "https://creativecommons.org/licenses/by/4.0/", "license_url_it": "https://creativecommons.org/licenses/by/4.0/", "license_url_en": "https://creativecommons.org/licenses/by/4.0/", "language": "it", "metadata_languages": ["it"], "timezone": ["Europe/Rome"], "modified": "2016-06-20T10:27:47+00:00", "modified_updates_on_metadata_change": false, "modified_updates_on_data_change": false, "data_processed": "2021-03-17T08:49:37.688000+00:00", "metadata_processed": "2025-03-20T09:19:13.454000+00:00", "geographic_reference": ["world_it"], "geographic_reference_auto": true, "territory": ["Italy"], "geometry_types": null, "bbox": null, "publisher": "Comune di Bologna", "publisher_it": "Comune di Bologna", "publisher_en": "Comune di Bologna", "references": null, "records_count": 445, "attributions": null, "source_domain": null, "source_domain_title": null, "source_domain_address": null, "source_dataset": null, "shared_catalog": null, "federated": false, "parent_domain": null, "update_frequency": null}}}}