{"links": [{"rel": "self", "href": "https://opendata.comune.bologna.it/api/v2/catalog/datasets/elezioni-amministrative-2016-preferenze-lista-partito-democratico"}, {"rel": "datasets", "href": "https://opendata.comune.bologna.it/api/v2/catalog/datasets"}, {"rel": "records", "href": "https://opendata.comune.bologna.it/api/v2/catalog/datasets/elezioni-amministrative-2016-preferenze-lista-partito-democratico/records"}, {"rel": "exports", "href": "https://opendata.comune.bologna.it/api/v2/catalog/datasets/elezioni-amministrative-2016-preferenze-lista-partito-democratico/exports"}, {"rel": "facets", "href": "https://opendata.comune.bologna.it/api/v2/catalog/datasets/elezioni-amministrative-2016-preferenze-lista-partito-democratico/facets"}], "dataset": {"visibility": "domain", "dataset_id": "elezioni-amministrative-2016-preferenze-lista-partito-democratico", "dataset_uid": "da_55js6u", "has_records": true, "features": ["analyze"], "attachments": [], "alternative_exports": [], "data_visible": true, "fields": [{"name": "sezione", "description": "Numero sezione elettorale", "annotations": {}, "label": "SEZIONE", "type": "int", "label_it": "SEZIONE", "label_en": "SEZIONE", "description_it": "Numero sezione elettorale", "description_en": "Numero sezione elettorale"}, {"name": "iscritti", "description": "Numero votanti iscritti", "annotations": {}, "label": "ISCRITTI", "type": "int", "label_it": "ISCRITTI", "label_en": "ISCRITTI", "description_it": "Numero votanti iscritti", "description_en": "Numero votanti iscritti"}, {"name": "quartiere", "description": "Nome quartiere", "annotations": {"facet": true}, "label": "QUARTIERE", "type": "text", "label_it": "QUARTIERE", "label_en": "QUARTIERE", "description_it": "Nome quartiere", "description_en": "Nome quartiere"}, {"name": "zona", "description": "Nome zona", "annotations": {"facet": true}, "label": "ZONA", "type": "text", "label_it": "ZONA", "label_en": "ZONA", "description_it": "Nome zona", "description_en": "Nome zona"}, {"name": "vecchia_denominazione_quartiere", "description": "Precedente denominazione quartiere", "annotations": {}, "label": "VECCHIA DENOMINAZIONE QUARTIERE", "type": "text", "label_it": "VECCHIA DENOMINAZIONE QUARTIERE", "label_en": "VECCHIA DENOMINAZIONE QUARTIERE", "description_it": "Precedente denominazione quartiere", "description_en": "Precedente denominazione quartiere"}, {"name": "lista", "description": "Nome lista", "annotations": {}, "label": "LISTA", "type": "text", "label_it": "LISTA", "label_en": "LISTA", "description_it": "Nome lista", "description_en": "Nome lista"}, {"name": "giulia_di_girolamo", "description": "Candidato", "annotations": {}, "label": "Giulia Di Girolamo", "type": "int", "label_it": "Giulia Di Girolamo", "label_en": "Giulia Di Girolamo", "description_it": "Candidato", "description_en": "Candidato"}, {"name": "isabella_angiuli", "description": "Candidato", "annotations": {}, "label": "Isabella Angiuli", "type": "int", "label_it": "Isabella Angiuli", "label_en": "Isabella Angiuli", "description_it": "Candidato", "description_en": "Candidato"}, {"name": "silvano_bertossa", "description": "Candidato", "annotations": {}, "label": "Silvano Bertossa", "type": "int", "label_it": "Silvano Bertossa", "label_en": "Silvano Bertossa", "description_it": "Candidato", "description_en": "Candidato"}, {"name": "loretta_bittini", "description": "Candidato", "annotations": {}, "label": "Loretta Bittini", "type": "int", "label_it": "Loretta Bittini", "label_en": "Loretta Bittini", "description_it": "Candidato", "description_en": "Candidato"}, {"name": "maddalena_brasile", "description": "Candidato", "annotations": {}, "label": "Maddalena Brasile", "type": "int", "label_it": "Maddalena Brasile", "label_en": "Maddalena Brasile", "description_it": "Candidato", "description_en": "Candidato"}, {"name": "saverio_bui", "description": "Candidato", "annotations": {}, "label": "Saverio Bui", "type": "int", "label_it": "Saverio Bui", "label_en": "Saverio Bui", "description_it": "Candidato", "description_en": "Candidato"}, {"name": "michele_campaniello", "description": "Candidato", "annotations": {}, "label": "Michele Campaniello", "type": "int", "label_it": "Michele Campaniello", "label_en": "Michele Campaniello", "description_it": "Candidato", "description_en": "Candidato"}, {"name": "andrea_colombo", "description": "Candidato", "annotations": {}, "label": "Andrea Colombo", "type": "int", "label_it": "Andrea Colombo", "label_en": "Andrea Colombo", "description_it": "Candidato", "description_en": "Candidato"}, {"name": "nicola_de_filippo", "description": "Candidato", "annotations": {}, "label": "Nicola De Filippo", "type": "int", "label_it": "Nicola De Filippo", "label_en": "Nicola De Filippo", "description_it": "Candidato", "description_en": "Candidato"}, {"name": "davide_di_noi", "description": "Candidato", "annotations": {}, "label": "Davide Di Noi", "type": "int", "label_it": "Davide Di Noi", "label_en": "Davide Di Noi", "description_it": "Candidato", "description_en": "Candidato"}, {"name": "francesco_errani", "description": "Candidato", "annotations": {}, "label": "Francesco Errani", "type": "int", "label_it": "Francesco Errani", "label_en": "Francesco Errani", "description_it": "Candidato", "description_en": "Candidato"}, {"name": "carla_faralli", "description": "Candidato", "annotations": {}, "label": "Carla Faralli", "type": "int", "label_it": "Carla Faralli", "label_en": "Carla Faralli", "description_it": "Candidato", "description_en": "Candidato"}, {"name": "roberto_fattori", "description": "Candidato", "annotations": {}, "label": "Roberto Fattori", "type": "int", "label_it": "Roberto Fattori", "label_en": "Roberto Fattori", "description_it": "Candidato", "description_en": "Candidato"}, {"name": "mariaraffaella_ferri", "description": "Candidato", "annotations": {}, "label": "Mariaraffaella Ferri", "type": "int", "label_it": "Mariaraffaella Ferri", "label_en": "Mariaraffaella Ferri", "description_it": "Candidato", "description_en": "Candidato"}, {"name": "luisa_guidone", "description": "Candidato", "annotations": {}, "label": "Luisa Guidone", "type": "int", "label_it": "Luisa Guidone", "label_en": "Luisa Guidone", "description_it": "Candidato", "description_en": "Candidato"}, {"name": "rossella_lama", "description": "Candidato", "annotations": {}, "label": "Rossella Lama", "type": "int", "label_it": "Rossella Lama", "label_en": "Rossella Lama", "description_it": "Candidato", "description_en": "Candidato"}, {"name": "simona_lembi", "description": "Candidato", "annotations": {}, "label": "Simona Lembi", "type": "int", "label_it": "Simona Lembi", "label_en": "Simona Lembi", "description_it": "Candidato", "description_en": "Candidato"}, {"name": "matteo_lepore", "description": "Candidato", "annotations": {}, "label": "Matteo Lepore", "type": "int", "label_it": "Matteo Lepore", "label_en": "Matteo Lepore", "description_it": "Candidato", "description_en": "Candidato"}, {"name": "elena_leti", "description": "Candidato", "annotations": {}, "label": "Elena Leti", "type": "int", "label_it": "Elena Leti", "label_en": "Elena Leti", "description_it": "Candidato", "description_en": "Candidato"}, {"name": "roberta_li_calzi", "description": "Candidato", "annotations": {}, "label": "Roberta Li Calzi", "type": "int", "label_it": "Roberta Li Calzi", "label_en": "Roberta Li Calzi", "description_it": "Candidato", "description_en": "Candidato"}, {"name": "piergiorgio_licciardello", "description": "Candidato", "annotations": {}, "label": "Piergiorgio Licciardello", "type": "int", "label_it": "Piergiorgio Licciardello", "label_en": "Piergiorgio Licciardello", "description_it": "Candidato", "description_en": "Candidato"}, {"name": "marco_lombardo", "description": "Candidato", "annotations": {}, "label": "Marco Lombardo", "type": "int", "label_it": "Marco Lombardo", "label_en": "Marco Lombardo", "description_it": "Candidato", "description_en": "Candidato"}, {"name": "maria_caterina_manca", "description": "Candidato", "annotations": {}, "label": "Maria Caterina Manca", "type": "int", "label_it": "Maria Caterina Manca", "label_en": "Maria Caterina Manca", "description_it": "Candidato", "description_en": "Candidato"}, {"name": "manuela_marsano", "description": "Candidato", "annotations": {}, "label": "Manuela Marsano", "type": "int", "label_it": "Manuela Marsano", "label_en": "Manuela Marsano", "description_it": "Candidato", "description_en": "Candidato"}, {"name": "claudio_mazzanti", "description": "Candidato", "annotations": {}, "label": "Claudio Mazzanti", "type": "int", "label_it": "Claudio Mazzanti", "label_en": "Claudio Mazzanti", "description_it": "Candidato", "description_en": "Candidato"}, {"name": "federica_mazzoni", "description": "Candidato", "annotations": {}, "label": "Federica Mazzoni", "type": "int", "label_it": "Federica Mazzoni", "label_en": "Federica Mazzoni", "description_it": "Candidato", "description_en": "Candidato"}, {"name": "gabriella_montera", "description": "Candidato", "annotations": {}, "label": "Gabriella Montera", "type": "int", "label_it": "Gabriella Montera", "label_en": "Gabriella Montera", "description_it": "Candidato", "description_en": "Candidato"}, {"name": "giuseppe_muscarnera", "description": "Candidato", "annotations": {}, "label": "Giuseppe Muscarnera", "type": "int", "label_it": "Giuseppe Muscarnera", "label_en": "Giuseppe Muscarnera", "description_it": "Candidato", "description_en": "Candidato"}, {"name": "raffaele_persiano", "description": "Candidato", "annotations": {}, "label": "Raffaele Persiano", "type": "int", "label_it": "Raffaele Persiano", "label_en": "Raffaele Persiano", "description_it": "Candidato", "description_en": "Candidato"}, {"name": "tommaso_petrella", "description": "Candidato", "annotations": {}, "label": "Tommaso Petrella", "type": "int", "label_it": "Tommaso Petrella", "label_en": "Tommaso Petrella", "description_it": "Candidato", "description_en": "Candidato"}, {"name": "francesco_picciolo", "description": "Candidato", "annotations": {}, "label": "Francesco Picciolo", "type": "int", "label_it": "Francesco Picciolo", "label_en": "Francesco Picciolo", "description_it": "Candidato", "description_en": "Candidato"}, {"name": "marilena_pillati", "description": "Candidato", "annotations": {}, "label": "Marilena Pillati", "type": "int", "label_it": "Marilena Pillati", "label_en": "Marilena Pillati", "description_it": "Candidato", "description_en": "Candidato"}, {"name": "luca_rizzo_nervo", "description": "Candidato", "annotations": {}, "label": "Luca Rizzo Nervo", "type": "int", "label_it": "Luca Rizzo Nervo", "label_en": "Luca Rizzo Nervo", "description_it": "Candidato", "description_en": "Candidato"}, {"name": "raffaella_santi_in_casali", "description": "Candidato", "annotations": {}, "label": "Raffaella Santi in Casali", "type": "int", "label_it": "Raffaella Santi in Casali", "label_en": "Raffaella Santi in Casali", "description_it": "Candidato", "description_en": "Candidato"}, {"name": "daniela_turci", "description": "Candidato", "annotations": {}, "label": "Daniela Turci", "type": "int", "label_it": "Daniela Turci", "label_en": "Daniela Turci", "description_it": "Candidato", "description_en": "Candidato"}, {"name": "vinicio_zanetti", "description": "Candidato", "annotations": {}, "label": "Vinicio Zanetti", "type": "int", "label_it": "Vinicio Zanetti", "label_en": "Vinicio Zanetti", "description_it": "Candidato", "description_en": "Candidato"}], "metas": {"dcat": {"created": null, "issued": null, "creator": "Comune di Bologna", "contributor": null, "contact_name": "Ufficio Dati e Open Data", "contact_email": "opendata@comune.bologna.it", "accrualperiodicity": "http://publications.europa.eu/resource/authority/frequency/NEVER", "spatial": null, "temporal": null, "granularity": null, "dataquality": null, "publisher_type": null, "conforms_to": null, "temporal_coverage_start": null, "temporal_coverage_end": null, "accessRights": null, "relation": null}, "semantic": {"rml_mapping": null, "classes": null, "properties": null}, "dcat_ap_it": {"publisher_id": null}, "default": {"title": "Elezioni amministrative 2016 - Preferenze lista PARTITO DEMOCRATICO", "title_it": "Elezioni amministrative 2016 - Preferenze lista PARTITO DEMOCRATICO", "title_en": "Elezioni amministrative 2016 - Preferenze lista PARTITO DEMOCRATICO", "description": "<p>Elezioni amministrative 2016. Voti assegnati ai candidati delle liste per il Consiglio Comunale.</p><p>I dati pubblicati, si riferiscono alle comunicazioni pervenute dai presidenti di seggio al termine delle operazioni di scrutinio, e non rivestono, pertanto, carattere di ufficialit\u00e0.\u00a0La proclamazione ufficiale degli esiti \u00e8 prerogativa degli uffici elettorali centrali e circoscrizionali.</p>", "description_it": "<p>Elezioni amministrative 2016. Voti assegnati ai candidati delle liste per il Consiglio Comunale.</p><p>I dati pubblicati, si riferiscono alle comunicazioni pervenute dai presidenti di seggio al termine delle operazioni di scrutinio, e non rivestono, pertanto, carattere di ufficialit\u00e0.\u00a0La proclamazione ufficiale degli esiti \u00e8 prerogativa degli uffici elettorali centrali e circoscrizionali.</p>", "description_en": "<p>Elezioni amministrative 2016. Voti assegnati ai candidati delle liste per il Consiglio Comunale.</p><p>I dati pubblicati, si riferiscono alle comunicazioni pervenute dai presidenti di seggio al termine delle operazioni di scrutinio, e non rivestono, pertanto, carattere di ufficialit\u00e0.\u00a0La proclamazione ufficiale degli esiti \u00e8 prerogativa degli uffici elettorali centrali e circoscrizionali.</p>", "theme": ["Regioni e citt\u00e0"], "theme_it": ["Regioni e citt\u00e0"], "theme_en": ["Regioni e citt\u00e0"], "keyword": null, "keyword_it": null, "keyword_en": null, "license": "CC BY 4.0", "license_it": "CC BY 4.0", "license_en": "CC BY 4.0", "license_url": "https://creativecommons.org/licenses/by/4.0/", "license_url_it": "https://creativecommons.org/licenses/by/4.0/", "license_url_en": "https://creativecommons.org/licenses/by/4.0/", "language": "it", "metadata_languages": ["it"], "timezone": ["Europe/Rome"], "modified": "2016-06-20T10:27:47+00:00", "modified_updates_on_metadata_change": false, "modified_updates_on_data_change": false, "data_processed": "2021-03-17T11:16:31.985000+00:00", "metadata_processed": "2025-03-20T09:26:23.701000+00:00", "geographic_reference": ["world_it"], "geographic_reference_auto": true, "territory": ["Italy"], "geometry_types": null, "bbox": null, "publisher": "Comune di Bologna", "publisher_it": "Comune di Bologna", "publisher_en": "Comune di Bologna", "references": null, "records_count": 445, "attributions": null, "source_domain": null, "source_domain_title": null, "source_domain_address": null, "source_dataset": null, "shared_catalog": null, "federated": false, "parent_domain": null, "update_frequency": null}}}}