{"links": [{"rel": "self", "href": "https://opendata.comune.bologna.it/api/v2/catalog/datasets/elezioni-amministrative-2021-consigli-circoscrizionali-quartiere-san-donato-san-"}, {"rel": "datasets", "href": "https://opendata.comune.bologna.it/api/v2/catalog/datasets"}, {"rel": "records", "href": "https://opendata.comune.bologna.it/api/v2/catalog/datasets/elezioni-amministrative-2021-consigli-circoscrizionali-quartiere-san-donato-san-/records"}, {"rel": "exports", "href": "https://opendata.comune.bologna.it/api/v2/catalog/datasets/elezioni-amministrative-2021-consigli-circoscrizionali-quartiere-san-donato-san-/exports"}, {"rel": "facets", "href": "https://opendata.comune.bologna.it/api/v2/catalog/datasets/elezioni-amministrative-2021-consigli-circoscrizionali-quartiere-san-donato-san-/facets"}], "dataset": {"visibility": "domain", "dataset_id": "elezioni-amministrative-2021-consigli-circoscrizionali-quartiere-san-donato-san-", "dataset_uid": "da_bgsfnp", "has_records": true, "features": ["analyze"], "attachments": [], "alternative_exports": [], "data_visible": true, "fields": [{"name": "sezione", "description": "Numero della sezione elettorale", "annotations": {}, "label": "Sezione", "type": "int", "label_it": "Sezione", "label_en": "Sezione", "description_it": "Numero della sezione elettorale", "description_en": "Numero della sezione elettorale"}, {"name": "iscritti", "description": "Numero iscritti al voto", "annotations": {}, "label": "ISCRITTI", "type": "int", "label_it": "ISCRITTI", "label_en": "ISCRITTI", "description_it": "Numero iscritti al voto", "description_en": "Numero iscritti al voto"}, {"name": "quartiere", "description": "Nome quartiere", "annotations": {}, "label": "Quartiere", "type": "text", "label_it": "Quartiere", "label_en": "Quartiere", "description_it": "Nome quartiere", "description_en": "Nome quartiere"}, {"name": "zona", "description": "Nome zona", "annotations": {"facet": true, "facetsort": "alphanum"}, "label": "Zona", "type": "text", "label_it": "Zona", "label_en": "Zona", "description_it": "Nome zona", "description_en": "Nome zona"}, {"name": "potere_al_popolo_balboni_alessandro", "description": null, "annotations": {}, "label": "POTERE AL POPOLO-Balboni Alessandro", "type": "int", "label_it": "POTERE AL POPOLO-Balboni Alessandro", "label_en": "POTERE AL POPOLO-Balboni Alessandro", "description_it": null, "description_en": null}, {"name": "potere_al_popolo_cimato_stefano_detto_steno", "description": null, "annotations": {}, "label": "POTERE AL POPOLO-Cimato Stefano (detto 'Steno')", "type": "int", "label_it": "POTERE AL POPOLO-Cimato Stefano (detto 'Steno')", "label_en": "POTERE AL POPOLO-Cimato Stefano (detto 'Steno')", "description_it": null, "description_en": null}, {"name": "potere_al_popolo_evangelisti_valerio", "description": null, "annotations": {}, "label": "POTERE AL POPOLO-Evangelisti Valerio", "type": "int", "label_it": "POTERE AL POPOLO-Evangelisti Valerio", "label_en": "POTERE AL POPOLO-Evangelisti Valerio", "description_it": null, "description_en": null}, {"name": "potere_al_popolo_ferrari_eleonora", "description": null, "annotations": {}, "label": "POTERE AL POPOLO-Ferrari Eleonora", "type": "int", "label_it": "POTERE AL POPOLO-Ferrari Eleonora", "label_en": "POTERE AL POPOLO-Ferrari Eleonora", "description_it": null, "description_en": null}, {"name": "potere_al_popolo_ferronato_chiara", "description": null, "annotations": {}, "label": "POTERE AL POPOLO-Ferronato Chiara", "type": "int", "label_it": "POTERE AL POPOLO-Ferronato Chiara", "label_en": "POTERE AL POPOLO-Ferronato Chiara", "description_it": null, "description_en": null}, {"name": "potere_al_popolo_fortuzzi_francesca", "description": null, "annotations": {}, "label": "POTERE AL POPOLO-Fortuzzi Francesca", "type": "int", "label_it": "POTERE AL POPOLO-Fortuzzi Francesca", "label_en": "POTERE AL POPOLO-Fortuzzi Francesca", "description_it": null, "description_en": null}, {"name": "potere_al_popolo_giannotti_mattia", "description": null, "annotations": {}, "label": "POTERE AL POPOLO-Giannotti Mattia", "type": "int", "label_it": "POTERE AL POPOLO-Giannotti Mattia", "label_en": "POTERE AL POPOLO-Giannotti Mattia", "description_it": null, "description_en": null}, {"name": "potere_al_popolo_maccentelli_gian_domenico_detto_nico", "description": null, "annotations": {}, "label": "POTERE AL POPOLO-Maccentelli Gian Domenico (detto 'Nico')", "type": "int", "label_it": "POTERE AL POPOLO-Maccentelli Gian Domenico (detto 'Nico')", "label_en": "POTERE AL POPOLO-Maccentelli Gian Domenico (detto 'Nico')", "description_it": null, "description_en": null}, {"name": "potere_al_popolo_navarra_sabrina", "description": null, "annotations": {}, "label": "POTERE AL POPOLO-Navarra Sabrina", "type": "int", "label_it": "POTERE AL POPOLO-Navarra Sabrina", "label_en": "POTERE AL POPOLO-Navarra Sabrina", "description_it": null, "description_en": null}, {"name": "potere_al_popolo_rizzi_paolo", "description": null, "annotations": {}, "label": "POTERE AL POPOLO-Rizzi Paolo", "type": "int", "label_it": "POTERE AL POPOLO-Rizzi Paolo", "label_en": "POTERE AL POPOLO-Rizzi Paolo", "description_it": null, "description_en": null}, {"name": "potere_al_popolo_valdiserra_daniela", "description": null, "annotations": {}, "label": "POTERE AL POPOLO-Valdiserra Daniela", "type": "int", "label_it": "POTERE AL POPOLO-Valdiserra Daniela", "label_en": "POTERE AL POPOLO-Valdiserra Daniela", "description_it": null, "description_en": null}, {"name": "potere_al_popolo_via_mariarachele", "description": null, "annotations": {}, "label": "POTERE AL POPOLO-Via Mariarachele", "type": "int", "label_it": "POTERE AL POPOLO-Via Mariarachele", "label_en": "POTERE AL POPOLO-Via Mariarachele", "description_it": null, "description_en": null}, {"name": "potere_al_popolo_zamboni_elisa", "description": null, "annotations": {}, "label": "POTERE AL POPOLO-Zamboni Elisa", "type": "int", "label_it": "POTERE AL POPOLO-Zamboni Elisa", "label_en": "POTERE AL POPOLO-Zamboni Elisa", "description_it": null, "description_en": null}, {"name": "forza_italia_bendinelli_costanza_maria", "description": null, "annotations": {}, "label": "FORZA ITALIA-Bendinelli Costanza Maria", "type": "int", "label_it": "FORZA ITALIA-Bendinelli Costanza Maria", "label_en": "FORZA ITALIA-Bendinelli Costanza Maria", "description_it": null, "description_en": null}, {"name": "forza_italia_biolchini_chiara", "description": null, "annotations": {}, "label": "FORZA ITALIA-Biolchini Chiara", "type": "int", "label_it": "FORZA ITALIA-Biolchini Chiara", "label_en": "FORZA ITALIA-Biolchini Chiara", "description_it": null, "description_en": null}, {"name": "forza_italia_bossio_andres", "description": null, "annotations": {}, "label": "FORZA ITALIA-Bossio Andres", "type": "int", "label_it": "FORZA ITALIA-Bossio Andres", "label_en": "FORZA ITALIA-Bossio Andres", "description_it": null, "description_en": null}, {"name": "forza_italia_carmina_giuseppe_detto_pippo", "description": null, "annotations": {}, "label": "FORZA ITALIA-Carmina Giuseppe (detto 'Pippo')", "type": "int", "label_it": "FORZA ITALIA-Carmina Giuseppe (detto 'Pippo')", "label_en": "FORZA ITALIA-Carmina Giuseppe (detto 'Pippo')", "description_it": null, "description_en": null}, {"name": "forza_italia_de_luca_luigi", "description": null, "annotations": {}, "label": "FORZA ITALIA-De Luca Luigi", "type": "int", "label_it": "FORZA ITALIA-De Luca Luigi", "label_en": "FORZA ITALIA-De Luca Luigi", "description_it": null, "description_en": null}, {"name": "forza_italia_gjergji_kreshnik", "description": null, "annotations": {}, "label": "FORZA ITALIA-Gjergji Kreshnik", "type": "int", "label_it": "FORZA ITALIA-Gjergji Kreshnik", "label_en": "FORZA ITALIA-Gjergji Kreshnik", "description_it": null, "description_en": null}, {"name": "forza_italia_gregorio_antonio", "description": null, "annotations": {}, "label": "FORZA ITALIA-Gregorio Antonio", "type": "int", "label_it": "FORZA ITALIA-Gregorio Antonio", "label_en": "FORZA ITALIA-Gregorio Antonio", "description_it": null, "description_en": null}, {"name": "forza_italia_grillini_gigliola", "description": null, "annotations": {}, "label": "FORZA ITALIA-Grillini Gigliola", "type": "int", "label_it": "FORZA ITALIA-Grillini Gigliola", "label_en": "FORZA ITALIA-Grillini Gigliola", "description_it": null, "description_en": null}, {"name": "forza_italia_guerra_paola", "description": null, "annotations": {}, "label": "FORZA ITALIA-Guerra Paola", "type": "int", "label_it": "FORZA ITALIA-Guerra Paola", "label_en": "FORZA ITALIA-Guerra Paola", "description_it": null, "description_en": null}, {"name": "forza_italia_lenge_angelo", "description": null, "annotations": {}, "label": "FORZA ITALIA-Lenge Angelo", "type": "int", "label_it": "FORZA ITALIA-Lenge Angelo", "label_en": "FORZA ITALIA-Lenge Angelo", "description_it": null, "description_en": null}, {"name": "forza_italia_montanarini_marco", "description": null, "annotations": {}, "label": "FORZA ITALIA-Montanarini Marco", "type": "int", "label_it": "FORZA ITALIA-Montanarini Marco", "label_en": "FORZA ITALIA-Montanarini Marco", "description_it": null, "description_en": null}, {"name": "forza_italia_rimondini_donatella", "description": null, "annotations": {}, "label": "FORZA ITALIA-Rimondini Donatella", "type": "int", "label_it": "FORZA ITALIA-Rimondini Donatella", "label_en": "FORZA ITALIA-Rimondini Donatella", "description_it": null, "description_en": null}, {"name": "forza_italia_seminaroti_giuseppe", "description": null, "annotations": {}, "label": "FORZA ITALIA-Seminaroti Giuseppe", "type": "int", "label_it": "FORZA ITALIA-Seminaroti Giuseppe", "label_en": "FORZA ITALIA-Seminaroti Giuseppe", "description_it": null, "description_en": null}, {"name": "forza_italia_tasca_michele", "description": null, "annotations": {}, "label": "FORZA ITALIA-Tasca Michele", "type": "int", "label_it": "FORZA ITALIA-Tasca Michele", "label_en": "FORZA ITALIA-Tasca Michele", "description_it": null, "description_en": null}, {"name": "forza_italia_vincenzi_alessio", "description": null, "annotations": {}, "label": "FORZA ITALIA-Vincenzi Alessio", "type": "int", "label_it": "FORZA ITALIA-Vincenzi Alessio", "label_en": "FORZA ITALIA-Vincenzi Alessio", "description_it": null, "description_en": null}, {"name": "lega_salvini_premier_antonini_daniele", "description": null, "annotations": {}, "label": "LEGA SALVINI PREMIER-Antonini Daniele", "type": "int", "label_it": "LEGA SALVINI PREMIER-Antonini Daniele", "label_en": "LEGA SALVINI PREMIER-Antonini Daniele", "description_it": null, "description_en": null}, {"name": "lega_salvini_premier_biagini_anna_rita", "description": null, "annotations": {}, "label": "LEGA SALVINI PREMIER-Biagini Anna Rita", "type": "int", "label_it": "LEGA SALVINI PREMIER-Biagini Anna Rita", "label_en": "LEGA SALVINI PREMIER-Biagini Anna Rita", "description_it": null, "description_en": null}, {"name": "lega_salvini_premier_brizio_marinella", "description": null, "annotations": {}, "label": "LEGA SALVINI PREMIER-Brizio Marinella", "type": "int", "label_it": "LEGA SALVINI PREMIER-Brizio Marinella", "label_en": "LEGA SALVINI PREMIER-Brizio Marinella", "description_it": null, "description_en": null}, {"name": "lega_salvini_premier_carletti_jens", "description": null, "annotations": {}, "label": "LEGA SALVINI PREMIER-Carletti Jens", "type": "int", "label_it": "LEGA SALVINI PREMIER-Carletti Jens", "label_en": "LEGA SALVINI PREMIER-Carletti Jens", "description_it": null, "description_en": null}, {"name": "lega_salvini_premier_catelli_letizia", "description": null, "annotations": {}, "label": "LEGA SALVINI PREMIER-Catelli Letizia", "type": "int", "label_it": "LEGA SALVINI PREMIER-Catelli Letizia", "label_en": "LEGA SALVINI PREMIER-Catelli Letizia", "description_it": null, "description_en": null}, {"name": "lega_salvini_premier_consoli_paola", "description": null, "annotations": {}, "label": "LEGA SALVINI PREMIER-Consoli Paola", "type": "int", "label_it": "LEGA SALVINI PREMIER-Consoli Paola", "label_en": "LEGA SALVINI PREMIER-Consoli Paola", "description_it": null, "description_en": null}, {"name": "lega_salvini_premier_de_tomasi_andrea", "description": null, "annotations": {}, "label": "LEGA SALVINI PREMIER-De Tomasi Andrea", "type": "int", "label_it": "LEGA SALVINI PREMIER-De Tomasi Andrea", "label_en": "LEGA SALVINI PREMIER-De Tomasi Andrea", "description_it": null, "description_en": null}, {"name": "lega_salvini_premier_ferrara_maria_carmela", "description": null, "annotations": {}, "label": "LEGA SALVINI PREMIER-Ferrara Maria Carmela", "type": "int", "label_it": "LEGA SALVINI PREMIER-Ferrara Maria Carmela", "label_en": "LEGA SALVINI PREMIER-Ferrara Maria Carmela", "description_it": null, "description_en": null}, {"name": "lega_salvini_premier_grandi_roberta", "description": null, "annotations": {}, "label": "LEGA SALVINI PREMIER-Grandi Roberta", "type": "int", "label_it": "LEGA SALVINI PREMIER-Grandi Roberta", "label_en": "LEGA SALVINI PREMIER-Grandi Roberta", "description_it": null, "description_en": null}, {"name": "lega_salvini_premier_graziano_emanuela", "description": null, "annotations": {}, "label": "LEGA SALVINI PREMIER-Graziano Emanuela", "type": "int", "label_it": "LEGA SALVINI PREMIER-Graziano Emanuela", "label_en": "LEGA SALVINI PREMIER-Graziano Emanuela", "description_it": null, "description_en": null}, {"name": "lega_salvini_premier_nobile_dario", "description": null, "annotations": {}, "label": "LEGA SALVINI PREMIER-Nobile Dario", "type": "int", "label_it": "LEGA SALVINI PREMIER-Nobile Dario", "label_en": "LEGA SALVINI PREMIER-Nobile Dario", "description_it": null, "description_en": null}, {"name": "lega_salvini_premier_panno_ada", "description": null, "annotations": {}, "label": "LEGA SALVINI PREMIER-Panno Ada", "type": "int", "label_it": "LEGA SALVINI PREMIER-Panno Ada", "label_en": "LEGA SALVINI PREMIER-Panno Ada", "description_it": null, "description_en": null}, {"name": "lega_salvini_premier_romeo_maria", "description": null, "annotations": {}, "label": "LEGA SALVINI PREMIER-Romeo Maria", "type": "int", "label_it": "LEGA SALVINI PREMIER-Romeo Maria", "label_en": "LEGA SALVINI PREMIER-Romeo Maria", "description_it": null, "description_en": null}, {"name": "lega_salvini_premier_santodirocco_matteo", "description": null, "annotations": {}, "label": "LEGA SALVINI PREMIER-Santodirocco Matteo", "type": "int", "label_it": "LEGA SALVINI PREMIER-Santodirocco Matteo", "label_en": "LEGA SALVINI PREMIER-Santodirocco Matteo", "description_it": null, "description_en": null}, {"name": "lega_salvini_premier_trombetti_moreno", "description": null, "annotations": {}, "label": "LEGA SALVINI PREMIER-Trombetti Moreno", "type": "int", "label_it": "LEGA SALVINI PREMIER-Trombetti Moreno", "label_en": "LEGA SALVINI PREMIER-Trombetti Moreno", "description_it": null, "description_en": null}, {"name": "centro_sinistra_citrigno_manuela", "description": null, "annotations": {}, "label": "CENTRO SINISTRA-Citrigno Manuela", "type": "int", "label_it": "CENTRO SINISTRA-Citrigno Manuela", "label_en": "CENTRO SINISTRA-Citrigno Manuela", "description_it": null, "description_en": null}, {"name": "centro_sinistra_d_amico_francesca_romana", "description": null, "annotations": {}, "label": "CENTRO SINISTRA-D'Amico Francesca Romana", "type": "int", "label_it": "CENTRO SINISTRA-D'Amico Francesca Romana", "label_en": "CENTRO SINISTRA-D'Amico Francesca Romana", "description_it": null, "description_en": null}, {"name": "centro_sinistra_filangieri_francesca", "description": null, "annotations": {}, "label": "CENTRO SINISTRA-Filangieri Francesca", "type": "int", "label_it": "CENTRO SINISTRA-Filangieri Francesca", "label_en": "CENTRO SINISTRA-Filangieri Francesca", "description_it": null, "description_en": null}, {"name": "centro_sinistra_ietto_domenico_detto_mimmo", "description": null, "annotations": {}, "label": "CENTRO SINISTRA-Ietto Domenico (detto 'Mimmo')", "type": "int", "label_it": "CENTRO SINISTRA-Ietto Domenico (detto 'Mimmo')", "label_en": "CENTRO SINISTRA-Ietto Domenico (detto 'Mimmo')", "description_it": null, "description_en": null}, {"name": "centro_sinistra_locascio_adriana", "description": null, "annotations": {}, "label": "CENTRO SINISTRA-Locascio Adriana", "type": "int", "label_it": "CENTRO SINISTRA-Locascio Adriana", "label_en": "CENTRO SINISTRA-Locascio Adriana", "description_it": null, "description_en": null}, {"name": "centro_sinistra_marchesini_angelo", "description": null, "annotations": {}, "label": "CENTRO SINISTRA-Marchesini Angelo", "type": "int", "label_it": "CENTRO SINISTRA-Marchesini Angelo", "label_en": "CENTRO SINISTRA-Marchesini Angelo", "description_it": null, "description_en": null}, {"name": "centro_sinistra_marino_alessianeva", "description": null, "annotations": {}, "label": "CENTRO SINISTRA-Marino Alessianeva", "type": "int", "label_it": "CENTRO SINISTRA-Marino Alessianeva", "label_en": "CENTRO SINISTRA-Marino Alessianeva", "description_it": null, "description_en": null}, {"name": "centro_sinistra_mazzacurati_claudio", "description": null, "annotations": {}, "label": "CENTRO SINISTRA-Mazzacurati Claudio", "type": "int", "label_it": "CENTRO SINISTRA-Mazzacurati Claudio", "label_en": "CENTRO SINISTRA-Mazzacurati Claudio", "description_it": null, "description_en": null}, {"name": "centro_sinistra_montedoro_rosella", "description": null, "annotations": {}, "label": "CENTRO SINISTRA-Montedoro Rosella", "type": "int", "label_it": "CENTRO SINISTRA-Montedoro Rosella", "label_en": "CENTRO SINISTRA-Montedoro Rosella", "description_it": null, "description_en": null}, {"name": "centro_sinistra_pasquini_francesco", "description": null, "annotations": {}, "label": "CENTRO SINISTRA-Pasquini Francesco", "type": "int", "label_it": "CENTRO SINISTRA-Pasquini Francesco", "label_en": "CENTRO SINISTRA-Pasquini Francesco", "description_it": null, "description_en": null}, {"name": "centro_sinistra_pellegrino_riccardo_emanuele", "description": null, "annotations": {}, "label": "CENTRO SINISTRA-Pellegrino Riccardo Emanuele", "type": "int", "label_it": "CENTRO SINISTRA-Pellegrino Riccardo Emanuele", "label_en": "CENTRO SINISTRA-Pellegrino Riccardo Emanuele", "description_it": null, "description_en": null}, {"name": "centro_sinistra_serra_andrea", "description": null, "annotations": {}, "label": "CENTRO SINISTRA-Serra Andrea", "type": "int", "label_it": "CENTRO SINISTRA-Serra Andrea", "label_en": "CENTRO SINISTRA-Serra Andrea", "description_it": null, "description_en": null}, {"name": "centro_sinistra_stella_alessandro", "description": null, "annotations": {}, "label": "CENTRO SINISTRA-Stella Alessandro", "type": "int", "label_it": "CENTRO SINISTRA-Stella Alessandro", "label_en": "CENTRO SINISTRA-Stella Alessandro", "description_it": null, "description_en": null}, {"name": "centro_sinistra_trotta_marco", "description": null, "annotations": {}, "label": "CENTRO SINISTRA-Trotta Marco", "type": "int", "label_it": "CENTRO SINISTRA-Trotta Marco", "label_en": "CENTRO SINISTRA-Trotta Marco", "description_it": null, "description_en": null}, {"name": "centro_sinistra_villani_francesca", "description": null, "annotations": {}, "label": "CENTRO SINISTRA-Villani Francesca", "type": "int", "label_it": "CENTRO SINISTRA-Villani Francesca", "label_en": "CENTRO SINISTRA-Villani Francesca", "description_it": null, "description_en": null}, {"name": "sinistra_unita_per_bologna_bandiera_elisabetta", "description": null, "annotations": {}, "label": "SINISTRA UNITA PER BOLOGNA-Bandiera Elisabetta", "type": "int", "label_it": "SINISTRA UNITA PER BOLOGNA-Bandiera Elisabetta", "label_en": "SINISTRA UNITA PER BOLOGNA-Bandiera Elisabetta", "description_it": null, "description_en": null}, {"name": "sinistra_unita_per_bologna_bernardi_michela", "description": null, "annotations": {}, "label": "SINISTRA UNITA PER BOLOGNA-Bernardi Michela", "type": "int", "label_it": "SINISTRA UNITA PER BOLOGNA-Bernardi Michela", "label_en": "SINISTRA UNITA PER BOLOGNA-Bernardi Michela", "description_it": null, "description_en": null}, {"name": "sinistra_unita_per_bologna_cacciamani_fabio", "description": null, "annotations": {}, "label": "SINISTRA UNITA PER BOLOGNA-Cacciamani Fabio", "type": "int", "label_it": "SINISTRA UNITA PER BOLOGNA-Cacciamani Fabio", "label_en": "SINISTRA UNITA PER BOLOGNA-Cacciamani Fabio", "description_it": null, "description_en": null}, {"name": "sinistra_unita_per_bologna_cirinesi_ambra_andrea", "description": null, "annotations": {}, "label": "SINISTRA UNITA PER BOLOGNA-Cirinesi Ambra Andrea", "type": "int", "label_it": "SINISTRA UNITA PER BOLOGNA-Cirinesi Ambra Andrea", "label_en": "SINISTRA UNITA PER BOLOGNA-Cirinesi Ambra Andrea", "description_it": null, "description_en": null}, {"name": "sinistra_unita_per_bologna_collina_mauro", "description": null, "annotations": {}, "label": "SINISTRA UNITA PER BOLOGNA-Collina Mauro", "type": "int", "label_it": "SINISTRA UNITA PER BOLOGNA-Collina Mauro", "label_en": "SINISTRA UNITA PER BOLOGNA-Collina Mauro", "description_it": null, "description_en": null}, {"name": "sinistra_unita_per_bologna_cucchiara_cosimo", "description": null, "annotations": {}, "label": "SINISTRA UNITA PER BOLOGNA-Cucchiara Cosimo", "type": "int", "label_it": "SINISTRA UNITA PER BOLOGNA-Cucchiara Cosimo", "label_en": "SINISTRA UNITA PER BOLOGNA-Cucchiara Cosimo", "description_it": null, "description_en": null}, {"name": "sinistra_unita_per_bologna_grigorieva_vera_alexandrovna", "description": null, "annotations": {}, "label": "SINISTRA UNITA PER BOLOGNA-Grigorieva Vera Alexandrovna", "type": "int", "label_it": "SINISTRA UNITA PER BOLOGNA-Grigorieva Vera Alexandrovna", "label_en": "SINISTRA UNITA PER BOLOGNA-Grigorieva Vera Alexandrovna", "description_it": null, "description_en": null}, {"name": "sinistra_unita_per_bologna_mezzini_davide", "description": null, "annotations": {}, "label": "SINISTRA UNITA PER BOLOGNA-Mezzini Davide", "type": "int", "label_it": "SINISTRA UNITA PER BOLOGNA-Mezzini Davide", "label_en": "SINISTRA UNITA PER BOLOGNA-Mezzini Davide", "description_it": null, "description_en": null}, {"name": "sinistra_unita_per_bologna_rizzoli_chiara", "description": null, "annotations": {}, "label": "SINISTRA UNITA PER BOLOGNA-Rizzoli Chiara", "type": "int", "label_it": "SINISTRA UNITA PER BOLOGNA-Rizzoli Chiara", "label_en": "SINISTRA UNITA PER BOLOGNA-Rizzoli Chiara", "description_it": null, "description_en": null}, {"name": "sinistra_unita_per_bologna_romagnoli_roberto_detto_oscar", "description": null, "annotations": {}, "label": "SINISTRA UNITA PER BOLOGNA-Romagnoli Roberto (detto 'Oscar')", "type": "int", "label_it": "SINISTRA UNITA PER BOLOGNA-Romagnoli Roberto (detto 'Oscar')", "label_en": "SINISTRA UNITA PER BOLOGNA-Romagnoli Roberto (detto 'Oscar')", "description_it": null, "description_en": null}, {"name": "sinistra_unita_per_bologna_scagliarini_andrea", "description": null, "annotations": {}, "label": "SINISTRA UNITA PER BOLOGNA-Scagliarini Andrea", "type": "int", "label_it": "SINISTRA UNITA PER BOLOGNA-Scagliarini Andrea", "label_en": "SINISTRA UNITA PER BOLOGNA-Scagliarini Andrea", "description_it": null, "description_en": null}, {"name": "sinistra_unita_per_bologna_tornatore_andrea", "description": null, "annotations": {}, "label": "SINISTRA UNITA PER BOLOGNA-Tornatore Andrea", "type": "int", "label_it": "SINISTRA UNITA PER BOLOGNA-Tornatore Andrea", "label_en": "SINISTRA UNITA PER BOLOGNA-Tornatore Andrea", "description_it": null, "description_en": null}, {"name": "fratelli_d_talia_barbieri_alessandro", "description": null, "annotations": {}, "label": "FRATELLI D'TALIA-Barbieri Alessandro", "type": "int", "label_it": "FRATELLI D'TALIA-Barbieri Alessandro", "label_en": "FRATELLI D'TALIA-Barbieri Alessandro", "description_it": null, "description_en": null}, {"name": "fratelli_d_talia_bovoli_marco", "description": null, "annotations": {}, "label": "FRATELLI D'TALIA-Bovoli Marco", "type": "int", "label_it": "FRATELLI D'TALIA-Bovoli Marco", "label_en": "FRATELLI D'TALIA-Bovoli Marco", "description_it": null, "description_en": null}, {"name": "fratelli_d_talia_ciraco_annarita", "description": null, "annotations": {}, "label": "FRATELLI D'TALIA-Cirac\u00f2 Annarita", "type": "int", "label_it": "FRATELLI D'TALIA-Cirac\u00f2 Annarita", "label_en": "FRATELLI D'TALIA-Cirac\u00f2 Annarita", "description_it": null, "description_en": null}, {"name": "fratelli_d_talia_conza_giovanna", "description": null, "annotations": {}, "label": "FRATELLI D'TALIA-Conza Giovanna", "type": "int", "label_it": "FRATELLI D'TALIA-Conza Giovanna", "label_en": "FRATELLI D'TALIA-Conza Giovanna", "description_it": null, "description_en": null}, {"name": "fratelli_d_talia_del_percio_matteo", "description": null, "annotations": {}, "label": "FRATELLI D'TALIA-Del Percio Matteo", "type": "int", "label_it": "FRATELLI D'TALIA-Del Percio Matteo", "label_en": "FRATELLI D'TALIA-Del Percio Matteo", "description_it": null, "description_en": null}, {"name": "fratelli_d_talia_fiore_francesco", "description": null, "annotations": {}, "label": "FRATELLI D'TALIA-Fiore Francesco", "type": "int", "label_it": "FRATELLI D'TALIA-Fiore Francesco", "label_en": "FRATELLI D'TALIA-Fiore Francesco", "description_it": null, "description_en": null}, {"name": "fratelli_d_talia_giuffrida_andrea", "description": null, "annotations": {}, "label": "FRATELLI D'TALIA-Giuffrida Andrea", "type": "int", "label_it": "FRATELLI D'TALIA-Giuffrida Andrea", "label_en": "FRATELLI D'TALIA-Giuffrida Andrea", "description_it": null, "description_en": null}, {"name": "fratelli_d_talia_grancagnolo_giuseppe_primo", "description": null, "annotations": {}, "label": "FRATELLI D'TALIA-Grancagnolo Giuseppe Primo", "type": "int", "label_it": "FRATELLI D'TALIA-Grancagnolo Giuseppe Primo", "label_en": "FRATELLI D'TALIA-Grancagnolo Giuseppe Primo", "description_it": null, "description_en": null}, {"name": "fratelli_d_talia_luppino_lorenzo", "description": null, "annotations": {}, "label": "FRATELLI D'TALIA-Luppino Lorenzo", "type": "int", "label_it": "FRATELLI D'TALIA-Luppino Lorenzo", "label_en": "FRATELLI D'TALIA-Luppino Lorenzo", "description_it": null, "description_en": null}, {"name": "fratelli_d_talia_martelli_pamela", "description": null, "annotations": {}, "label": "FRATELLI D'TALIA-Martelli Pamela", "type": "int", "label_it": "FRATELLI D'TALIA-Martelli Pamela", "label_en": "FRATELLI D'TALIA-Martelli Pamela", "description_it": null, "description_en": null}, {"name": "fratelli_d_talia_pecorella_ciro", "description": null, "annotations": {}, "label": "FRATELLI D'TALIA-Pecorella Ciro", "type": "int", "label_it": "FRATELLI D'TALIA-Pecorella Ciro", "label_en": "FRATELLI D'TALIA-Pecorella Ciro", "description_it": null, "description_en": null}, {"name": "fratelli_d_talia_petrone_luigi", "description": null, "annotations": {}, "label": "FRATELLI D'TALIA-Petrone Luigi", "type": "int", "label_it": "FRATELLI D'TALIA-Petrone Luigi", "label_en": "FRATELLI D'TALIA-Petrone Luigi", "description_it": null, "description_en": null}, {"name": "fratelli_d_talia_robles_nancy", "description": null, "annotations": {}, "label": "FRATELLI D'TALIA-Robles Nancy", "type": "int", "label_it": "FRATELLI D'TALIA-Robles Nancy", "label_en": "FRATELLI D'TALIA-Robles Nancy", "description_it": null, "description_en": null}, {"name": "fratelli_d_talia_tomanelli_aurora", "description": null, "annotations": {}, "label": "FRATELLI D'TALIA-Tomanelli Aurora", "type": "int", "label_it": "FRATELLI D'TALIA-Tomanelli Aurora", "label_en": "FRATELLI D'TALIA-Tomanelli Aurora", "description_it": null, "description_en": null}, {"name": "fratelli_d_talia_vergazzoli_gianluca", "description": null, "annotations": {}, "label": "FRATELLI D'TALIA-Vergazzoli Gianluca", "type": "int", "label_it": "FRATELLI D'TALIA-Vergazzoli Gianluca", "label_en": "FRATELLI D'TALIA-Vergazzoli Gianluca", "description_it": null, "description_en": null}], "metas": {"dcat": {"created": null, "issued": null, "creator": "Comune di Bologna", "contributor": null, "contact_name": "Ufficio Dati e Open Data", "contact_email": "opendata@comune.bologna.it", "accrualperiodicity": "http://publications.europa.eu/resource/authority/frequency/NEVER", "spatial": null, "temporal": null, "granularity": null, "dataquality": null, "publisher_type": null, "conforms_to": null, "temporal_coverage_start": null, "temporal_coverage_end": null, "accessRights": null, "relation": null}, "semantic": {"rml_mapping": null, "classes": null, "properties": null}, "dcat_ap_it": {"publisher_id": null}, "default": {"title": "Elezioni amministrative 2021. Consigli Circoscrizionali - Quartiere SAN DONATO - SAN VITALE", "title_it": "Elezioni amministrative 2021. Consigli Circoscrizionali - Quartiere SAN DONATO - SAN VITALE", "title_en": "Elezioni amministrative 2021. Consigli Circoscrizionali - Quartiere SAN DONATO - SAN VITALE", "description": "<p>Elezioni amministrative 2021. Voti ai candidati per il Consiglio Circoscrizionale per il quartiere San Donato - San Vitale</p>", "description_it": "<p>Elezioni amministrative 2021. Voti ai candidati per il Consiglio Circoscrizionale per il quartiere San Donato - San Vitale</p>", "description_en": "<p>Elezioni amministrative 2021. Voti ai candidati per il Consiglio Circoscrizionale per il quartiere San Donato - San Vitale</p>", "theme": ["Regioni e citt\u00e0"], "theme_it": ["Regioni e citt\u00e0"], "theme_en": ["Regioni e citt\u00e0"], "keyword": null, "keyword_it": null, "keyword_en": null, "license": "CC BY 4.0", "license_it": "CC BY 4.0", "license_en": "CC BY 4.0", "license_url": "https://creativecommons.org/licenses/by/4.0/", "license_url_it": "https://creativecommons.org/licenses/by/4.0/", "license_url_en": "https://creativecommons.org/licenses/by/4.0/", "language": "it", "metadata_languages": ["it"], "timezone": ["Europe/Rome"], "modified": "2021-10-05T11:31:30+00:00", "modified_updates_on_metadata_change": false, "modified_updates_on_data_change": false, "data_processed": "2025-03-17T16:49:26.350000+00:00", "metadata_processed": "2025-03-19T15:31:11.179000+00:00", "geographic_reference": ["world_it"], "geographic_reference_auto": true, "territory": ["Italy"], "geometry_types": null, "bbox": null, "publisher": "Comune di Bologna", "publisher_it": "Comune di Bologna", "publisher_en": "Comune di Bologna", "references": null, "records_count": 76, "attributions": null, "source_domain": null, "source_domain_title": null, "source_domain_address": null, "source_dataset": null, "shared_catalog": null, "federated": false, "parent_domain": null, "update_frequency": null}}}}