{"links": [{"rel": "self", "href": "https://opendata.comune.bologna.it/api/v2/catalog/datasets/elezioni-amministrative-2021-consigli-circoscrizionali-quartiere-savena"}, {"rel": "datasets", "href": "https://opendata.comune.bologna.it/api/v2/catalog/datasets"}, {"rel": "records", "href": "https://opendata.comune.bologna.it/api/v2/catalog/datasets/elezioni-amministrative-2021-consigli-circoscrizionali-quartiere-savena/records"}, {"rel": "exports", "href": "https://opendata.comune.bologna.it/api/v2/catalog/datasets/elezioni-amministrative-2021-consigli-circoscrizionali-quartiere-savena/exports"}, {"rel": "facets", "href": "https://opendata.comune.bologna.it/api/v2/catalog/datasets/elezioni-amministrative-2021-consigli-circoscrizionali-quartiere-savena/facets"}], "dataset": {"visibility": "domain", "dataset_id": "elezioni-amministrative-2021-consigli-circoscrizionali-quartiere-savena", "dataset_uid": "da_xs9bs5", "has_records": true, "features": ["analyze"], "attachments": [], "alternative_exports": [], "data_visible": true, "fields": [{"name": "sezione", "description": "Numero della sezione elettorale", "annotations": {}, "label": "Sezione", "type": "int", "label_it": "Sezione", "label_en": "Sezione", "description_it": "Numero della sezione elettorale", "description_en": "Numero della sezione elettorale"}, {"name": "iscritti", "description": "Numero iscritti al voto", "annotations": {}, "label": "ISCRITTI", "type": "int", "label_it": "ISCRITTI", "label_en": "ISCRITTI", "description_it": "Numero iscritti al voto", "description_en": "Numero iscritti al voto"}, {"name": "quartiere", "description": "Nome quartiere", "annotations": {}, "label": "Quartiere", "type": "text", "label_it": "Quartiere", "label_en": "Quartiere", "description_it": "Nome quartiere", "description_en": "Nome quartiere"}, {"name": "zona", "description": "Nome zona", "annotations": {"facet": true, "facetsort": "alphanum"}, "label": "Zona", "type": "text", "label_it": "Zona", "label_en": "Zona", "description_it": "Nome zona", "description_en": "Nome zona"}, {"name": "forza_italia_balboni_giovanni_detto_gianni", "description": null, "annotations": {}, "label": "FORZA ITALIA-Balboni Giovanni (detto 'Gianni')", "type": "int", "label_it": "FORZA ITALIA-Balboni Giovanni (detto 'Gianni')", "label_en": "FORZA ITALIA-Balboni Giovanni (detto 'Gianni')", "description_it": null, "description_en": null}, {"name": "forza_italia_bartolomei_sara", "description": null, "annotations": {}, "label": "FORZA ITALIA-Bartolomei Sara", "type": "int", "label_it": "FORZA ITALIA-Bartolomei Sara", "label_en": "FORZA ITALIA-Bartolomei Sara", "description_it": null, "description_en": null}, {"name": "forza_italia_basile_antonio", "description": null, "annotations": {}, "label": "FORZA ITALIA-Basile Antonio", "type": "int", "label_it": "FORZA ITALIA-Basile Antonio", "label_en": "FORZA ITALIA-Basile Antonio", "description_it": null, "description_en": null}, {"name": "forza_italia_bossio_andres", "description": null, "annotations": {}, "label": "FORZA ITALIA-Bossio Andres", "type": "int", "label_it": "FORZA ITALIA-Bossio Andres", "label_en": "FORZA ITALIA-Bossio Andres", "description_it": null, "description_en": null}, {"name": "forza_italia_carmina_giuseppe_detto_pippo", "description": null, "annotations": {}, "label": "FORZA ITALIA-Carmina Giuseppe (detto 'Pippo')", "type": "int", "label_it": "FORZA ITALIA-Carmina Giuseppe (detto 'Pippo')", "label_en": "FORZA ITALIA-Carmina Giuseppe (detto 'Pippo')", "description_it": null, "description_en": null}, {"name": "forza_italia_d_amato_davide", "description": null, "annotations": {}, "label": "FORZA ITALIA-D\u2019Amato Davide", "type": "int", "label_it": "FORZA ITALIA-D\u2019Amato Davide", "label_en": "FORZA ITALIA-D\u2019Amato Davide", "description_it": null, "description_en": null}, {"name": "forza_italia_d_ambrosio_elisa", "description": null, "annotations": {}, "label": "FORZA ITALIA-D\u2019Ambrosio Elisa", "type": "int", "label_it": "FORZA ITALIA-D\u2019Ambrosio Elisa", "label_en": "FORZA ITALIA-D\u2019Ambrosio Elisa", "description_it": null, "description_en": null}, {"name": "forza_italia_de_luca_luigi", "description": null, "annotations": {}, "label": "FORZA ITALIA-De Luca Luigi", "type": "int", "label_it": "FORZA ITALIA-De Luca Luigi", "label_en": "FORZA ITALIA-De Luca Luigi", "description_it": null, "description_en": null}, {"name": "forza_italia_del_barone_giuseppe", "description": null, "annotations": {}, "label": "FORZA ITALIA-Del Barone Giuseppe", "type": "int", "label_it": "FORZA ITALIA-Del Barone Giuseppe", "label_en": "FORZA ITALIA-Del Barone Giuseppe", "description_it": null, "description_en": null}, {"name": "forza_italia_falco_erika", "description": null, "annotations": {}, "label": "FORZA ITALIA-Falco Erika", "type": "int", "label_it": "FORZA ITALIA-Falco Erika", "label_en": "FORZA ITALIA-Falco Erika", "description_it": null, "description_en": null}, {"name": "forza_italia_maccheroni_gioia", "description": null, "annotations": {}, "label": "FORZA ITALIA-Maccheroni Gioia", "type": "int", "label_it": "FORZA ITALIA-Maccheroni Gioia", "label_en": "FORZA ITALIA-Maccheroni Gioia", "description_it": null, "description_en": null}, {"name": "forza_italia_pistorozzi_carla", "description": null, "annotations": {}, "label": "FORZA ITALIA-Pistorozzi Carla", "type": "int", "label_it": "FORZA ITALIA-Pistorozzi Carla", "label_en": "FORZA ITALIA-Pistorozzi Carla", "description_it": null, "description_en": null}, {"name": "forza_italia_prestopino_bruno", "description": null, "annotations": {}, "label": "FORZA ITALIA-Prestopino Bruno", "type": "int", "label_it": "FORZA ITALIA-Prestopino Bruno", "label_en": "FORZA ITALIA-Prestopino Bruno", "description_it": null, "description_en": null}, {"name": "forza_italia_testa_giandomenico", "description": null, "annotations": {}, "label": "FORZA ITALIA-Testa Giandomenico", "type": "int", "label_it": "FORZA ITALIA-Testa Giandomenico", "label_en": "FORZA ITALIA-Testa Giandomenico", "description_it": null, "description_en": null}, {"name": "forza_italia_vincenzi_alessio", "description": null, "annotations": {}, "label": "FORZA ITALIA-Vincenzi Alessio", "type": "int", "label_it": "FORZA ITALIA-Vincenzi Alessio", "label_en": "FORZA ITALIA-Vincenzi Alessio", "description_it": null, "description_en": null}, {"name": "sinistra_unita_per_bologna_cucchiara_cosimo", "description": null, "annotations": {}, "label": "SINISTRA UNITA PER BOLOGNA-Cucchiara Cosimo", "type": "int", "label_it": "SINISTRA UNITA PER BOLOGNA-Cucchiara Cosimo", "label_en": "SINISTRA UNITA PER BOLOGNA-Cucchiara Cosimo", "description_it": null, "description_en": null}, {"name": "sinistra_unita_per_bologna_farneti_lorenzo", "description": null, "annotations": {}, "label": "SINISTRA UNITA PER BOLOGNA-Farneti Lorenzo", "type": "int", "label_it": "SINISTRA UNITA PER BOLOGNA-Farneti Lorenzo", "label_en": "SINISTRA UNITA PER BOLOGNA-Farneti Lorenzo", "description_it": null, "description_en": null}, {"name": "sinistra_unita_per_bologna_fincardi_marco", "description": null, "annotations": {}, "label": "SINISTRA UNITA PER BOLOGNA-Fincardi Marco", "type": "int", "label_it": "SINISTRA UNITA PER BOLOGNA-Fincardi Marco", "label_en": "SINISTRA UNITA PER BOLOGNA-Fincardi Marco", "description_it": null, "description_en": null}, {"name": "sinistra_unita_per_bologna_fiormarino_francesco", "description": null, "annotations": {}, "label": "SINISTRA UNITA PER BOLOGNA-Fiormarino Francesco", "type": "int", "label_it": "SINISTRA UNITA PER BOLOGNA-Fiormarino Francesco", "label_en": "SINISTRA UNITA PER BOLOGNA-Fiormarino Francesco", "description_it": null, "description_en": null}, {"name": "sinistra_unita_per_bologna_garruto_clemente", "description": null, "annotations": {}, "label": "SINISTRA UNITA PER BOLOGNA-Garruto Clemente", "type": "int", "label_it": "SINISTRA UNITA PER BOLOGNA-Garruto Clemente", "label_en": "SINISTRA UNITA PER BOLOGNA-Garruto Clemente", "description_it": null, "description_en": null}, {"name": "sinistra_unita_per_bologna_grassi_gianni", "description": null, "annotations": {}, "label": "SINISTRA UNITA PER BOLOGNA-Grassi Gianni", "type": "int", "label_it": "SINISTRA UNITA PER BOLOGNA-Grassi Gianni", "label_en": "SINISTRA UNITA PER BOLOGNA-Grassi Gianni", "description_it": null, "description_en": null}, {"name": "sinistra_unita_per_bologna_rimondi_barbara", "description": null, "annotations": {}, "label": "SINISTRA UNITA PER BOLOGNA-Rimondi Barbara", "type": "int", "label_it": "SINISTRA UNITA PER BOLOGNA-Rimondi Barbara", "label_en": "SINISTRA UNITA PER BOLOGNA-Rimondi Barbara", "description_it": null, "description_en": null}, {"name": "sinistra_unita_per_bologna_rinaldi_katia", "description": null, "annotations": {}, "label": "SINISTRA UNITA PER BOLOGNA-Rinaldi Katia", "type": "int", "label_it": "SINISTRA UNITA PER BOLOGNA-Rinaldi Katia", "label_en": "SINISTRA UNITA PER BOLOGNA-Rinaldi Katia", "description_it": null, "description_en": null}, {"name": "sinistra_unita_per_bologna_roncarati_simona", "description": null, "annotations": {}, "label": "SINISTRA UNITA PER BOLOGNA-Roncarati Simona", "type": "int", "label_it": "SINISTRA UNITA PER BOLOGNA-Roncarati Simona", "label_en": "SINISTRA UNITA PER BOLOGNA-Roncarati Simona", "description_it": null, "description_en": null}, {"name": "sinistra_unita_per_bologna_selmi_elena", "description": null, "annotations": {}, "label": "SINISTRA UNITA PER BOLOGNA-Selmi Elena", "type": "int", "label_it": "SINISTRA UNITA PER BOLOGNA-Selmi Elena", "label_en": "SINISTRA UNITA PER BOLOGNA-Selmi Elena", "description_it": null, "description_en": null}, {"name": "sinistra_unita_per_bologna_tomai_giovanna_maria", "description": null, "annotations": {}, "label": "SINISTRA UNITA PER BOLOGNA-Tomai Giovanna Maria", "type": "int", "label_it": "SINISTRA UNITA PER BOLOGNA-Tomai Giovanna Maria", "label_en": "SINISTRA UNITA PER BOLOGNA-Tomai Giovanna Maria", "description_it": null, "description_en": null}, {"name": "centro_sinistra_badini_giulia", "description": null, "annotations": {}, "label": "CENTRO SINISTRA-Badini Giulia", "type": "int", "label_it": "CENTRO SINISTRA-Badini Giulia", "label_en": "CENTRO SINISTRA-Badini Giulia", "description_it": null, "description_en": null}, {"name": "centro_sinistra_benassi_marzia", "description": null, "annotations": {}, "label": "CENTRO SINISTRA-Benassi Marzia", "type": "int", "label_it": "CENTRO SINISTRA-Benassi Marzia", "label_en": "CENTRO SINISTRA-Benassi Marzia", "description_it": null, "description_en": null}, {"name": "centro_sinistra_caciolli_giulia", "description": null, "annotations": {}, "label": "CENTRO SINISTRA-Caciolli Giulia", "type": "int", "label_it": "CENTRO SINISTRA-Caciolli Giulia", "label_en": "CENTRO SINISTRA-Caciolli Giulia", "description_it": null, "description_en": null}, {"name": "centro_sinistra_cornia_clara", "description": null, "annotations": {}, "label": "CENTRO SINISTRA-Cornia Clara", "type": "int", "label_it": "CENTRO SINISTRA-Cornia Clara", "label_en": "CENTRO SINISTRA-Cornia Clara", "description_it": null, "description_en": null}, {"name": "centro_sinistra_de_blasio_gennaro", "description": null, "annotations": {}, "label": "CENTRO SINISTRA-De Blasio Gennaro", "type": "int", "label_it": "CENTRO SINISTRA-De Blasio Gennaro", "label_en": "CENTRO SINISTRA-De Blasio Gennaro", "description_it": null, "description_en": null}, {"name": "centro_sinistra_degliangeli_piero", "description": null, "annotations": {}, "label": "CENTRO SINISTRA-Degliangeli Piero", "type": "int", "label_it": "CENTRO SINISTRA-Degliangeli Piero", "label_en": "CENTRO SINISTRA-Degliangeli Piero", "description_it": null, "description_en": null}, {"name": "centro_sinistra_di_pasquale_giovanna", "description": null, "annotations": {}, "label": "CENTRO SINISTRA-Di Pasquale Giovanna", "type": "int", "label_it": "CENTRO SINISTRA-Di Pasquale Giovanna", "label_en": "CENTRO SINISTRA-Di Pasquale Giovanna", "description_it": null, "description_en": null}, {"name": "centro_sinistra_foschi_ilaria", "description": null, "annotations": {}, "label": "CENTRO SINISTRA-Foschi Ilaria", "type": "int", "label_it": "CENTRO SINISTRA-Foschi Ilaria", "label_en": "CENTRO SINISTRA-Foschi Ilaria", "description_it": null, "description_en": null}, {"name": "centro_sinistra_gnudi_enrico", "description": null, "annotations": {}, "label": "CENTRO SINISTRA-Gnudi Enrico", "type": "int", "label_it": "CENTRO SINISTRA-Gnudi Enrico", "label_en": "CENTRO SINISTRA-Gnudi Enrico", "description_it": null, "description_en": null}, {"name": "centro_sinistra_labriola_danny", "description": null, "annotations": {}, "label": "CENTRO SINISTRA-Labriola Danny", "type": "int", "label_it": "CENTRO SINISTRA-Labriola Danny", "label_en": "CENTRO SINISTRA-Labriola Danny", "description_it": null, "description_en": null}, {"name": "centro_sinistra_limardo_pietro", "description": null, "annotations": {}, "label": "CENTRO SINISTRA-Limardo Pietro", "type": "int", "label_it": "CENTRO SINISTRA-Limardo Pietro", "label_en": "CENTRO SINISTRA-Limardo Pietro", "description_it": null, "description_en": null}, {"name": "centro_sinistra_malpensa_tommaso", "description": null, "annotations": {}, "label": "CENTRO SINISTRA-Malpensa Tommaso", "type": "int", "label_it": "CENTRO SINISTRA-Malpensa Tommaso", "label_en": "CENTRO SINISTRA-Malpensa Tommaso", "description_it": null, "description_en": null}, {"name": "centro_sinistra_matteucci_mauro", "description": null, "annotations": {}, "label": "CENTRO SINISTRA-Matteucci Mauro", "type": "int", "label_it": "CENTRO SINISTRA-Matteucci Mauro", "label_en": "CENTRO SINISTRA-Matteucci Mauro", "description_it": null, "description_en": null}, {"name": "centro_sinistra_vitiello_giuseppe", "description": null, "annotations": {}, "label": "CENTRO SINISTRA-Vitiello Giuseppe", "type": "int", "label_it": "CENTRO SINISTRA-Vitiello Giuseppe", "label_en": "CENTRO SINISTRA-Vitiello Giuseppe", "description_it": null, "description_en": null}, {"name": "centro_sinistra_zenoni_francesco", "description": null, "annotations": {}, "label": "CENTRO SINISTRA-Zenoni Francesco", "type": "int", "label_it": "CENTRO SINISTRA-Zenoni Francesco", "label_en": "CENTRO SINISTRA-Zenoni Francesco", "description_it": null, "description_en": null}, {"name": "lega_salvini_premier_barretta_nunzio", "description": null, "annotations": {}, "label": "LEGA SALVINI PREMIER-Barretta Nunzio", "type": "int", "label_it": "LEGA SALVINI PREMIER-Barretta Nunzio", "label_en": "LEGA SALVINI PREMIER-Barretta Nunzio", "description_it": null, "description_en": null}, {"name": "lega_salvini_premier_benevento_maria", "description": null, "annotations": {}, "label": "LEGA SALVINI PREMIER-Benevento Maria", "type": "int", "label_it": "LEGA SALVINI PREMIER-Benevento Maria", "label_en": "LEGA SALVINI PREMIER-Benevento Maria", "description_it": null, "description_en": null}, {"name": "lega_salvini_premier_bisecco_luca", "description": null, "annotations": {}, "label": "LEGA SALVINI PREMIER-Bisecco Luca", "type": "int", "label_it": "LEGA SALVINI PREMIER-Bisecco Luca", "label_en": "LEGA SALVINI PREMIER-Bisecco Luca", "description_it": null, "description_en": null}, {"name": "lega_salvini_premier_cionfoli_alfredo", "description": null, "annotations": {}, "label": "LEGA SALVINI PREMIER-Cionfoli Alfredo", "type": "int", "label_it": "LEGA SALVINI PREMIER-Cionfoli Alfredo", "label_en": "LEGA SALVINI PREMIER-Cionfoli Alfredo", "description_it": null, "description_en": null}, {"name": "lega_salvini_premier_della_mura_francesco", "description": null, "annotations": {}, "label": "LEGA SALVINI PREMIER-Della Mura Francesco", "type": "int", "label_it": "LEGA SALVINI PREMIER-Della Mura Francesco", "label_en": "LEGA SALVINI PREMIER-Della Mura Francesco", "description_it": null, "description_en": null}, {"name": "lega_salvini_premier_gamberini_valeria", "description": null, "annotations": {}, "label": "LEGA SALVINI PREMIER-Gamberini Valeria", "type": "int", "label_it": "LEGA SALVINI PREMIER-Gamberini Valeria", "label_en": "LEGA SALVINI PREMIER-Gamberini Valeria", "description_it": null, "description_en": null}, {"name": "lega_salvini_premier_giuliani_luca", "description": null, "annotations": {}, "label": "LEGA SALVINI PREMIER-Giuliani Luca", "type": "int", "label_it": "LEGA SALVINI PREMIER-Giuliani Luca", "label_en": "LEGA SALVINI PREMIER-Giuliani Luca", "description_it": null, "description_en": null}, {"name": "lega_salvini_premier_mancino_annalisa", "description": null, "annotations": {}, "label": "LEGA SALVINI PREMIER-Mancino Annalisa", "type": "int", "label_it": "LEGA SALVINI PREMIER-Mancino Annalisa", "label_en": "LEGA SALVINI PREMIER-Mancino Annalisa", "description_it": null, "description_en": null}, {"name": "lega_salvini_premier_mazzanti_gianluca", "description": null, "annotations": {}, "label": "LEGA SALVINI PREMIER-Mazzanti Gianluca", "type": "int", "label_it": "LEGA SALVINI PREMIER-Mazzanti Gianluca", "label_en": "LEGA SALVINI PREMIER-Mazzanti Gianluca", "description_it": null, "description_en": null}, {"name": "lega_salvini_premier_panno_ada", "description": null, "annotations": {}, "label": "LEGA SALVINI PREMIER-Panno Ada", "type": "int", "label_it": "LEGA SALVINI PREMIER-Panno Ada", "label_en": "LEGA SALVINI PREMIER-Panno Ada", "description_it": null, "description_en": null}, {"name": "lega_salvini_premier_ponte_angelo_raffaele", "description": null, "annotations": {}, "label": "LEGA SALVINI PREMIER-Ponte Angelo Raffaele", "type": "int", "label_it": "LEGA SALVINI PREMIER-Ponte Angelo Raffaele", "label_en": "LEGA SALVINI PREMIER-Ponte Angelo Raffaele", "description_it": null, "description_en": null}, {"name": "lega_salvini_premier_ricci_bitti_paola", "description": null, "annotations": {}, "label": "LEGA SALVINI PREMIER-Ricci Bitti Paola", "type": "int", "label_it": "LEGA SALVINI PREMIER-Ricci Bitti Paola", "label_en": "LEGA SALVINI PREMIER-Ricci Bitti Paola", "description_it": null, "description_en": null}, {"name": "lega_salvini_premier_santangelo_stefano", "description": null, "annotations": {}, "label": "LEGA SALVINI PREMIER-Santangelo Stefano", "type": "int", "label_it": "LEGA SALVINI PREMIER-Santangelo Stefano", "label_en": "LEGA SALVINI PREMIER-Santangelo Stefano", "description_it": null, "description_en": null}, {"name": "lega_salvini_premier_tamassia_fabio", "description": null, "annotations": {}, "label": "LEGA SALVINI PREMIER-Tamassia Fabio", "type": "int", "label_it": "LEGA SALVINI PREMIER-Tamassia Fabio", "label_en": "LEGA SALVINI PREMIER-Tamassia Fabio", "description_it": null, "description_en": null}, {"name": "lega_salvini_premier_tricoli_edoardo", "description": null, "annotations": {}, "label": "LEGA SALVINI PREMIER-Tricoli Edoardo", "type": "int", "label_it": "LEGA SALVINI PREMIER-Tricoli Edoardo", "label_en": "LEGA SALVINI PREMIER-Tricoli Edoardo", "description_it": null, "description_en": null}, {"name": "potere_al_popolo_balboni_alessandro", "description": null, "annotations": {}, "label": "POTERE AL POPOLO-Balboni Alessandro", "type": "int", "label_it": "POTERE AL POPOLO-Balboni Alessandro", "label_en": "POTERE AL POPOLO-Balboni Alessandro", "description_it": null, "description_en": null}, {"name": "potere_al_popolo_bernardi_alessandro", "description": null, "annotations": {}, "label": "POTERE AL POPOLO-Bernardi Alessandro", "type": "int", "label_it": "POTERE AL POPOLO-Bernardi Alessandro", "label_en": "POTERE AL POPOLO-Bernardi Alessandro", "description_it": null, "description_en": null}, {"name": "potere_al_popolo_evangelisti_valerio", "description": null, "annotations": {}, "label": "POTERE AL POPOLO-Evangelisti Valerio", "type": "int", "label_it": "POTERE AL POPOLO-Evangelisti Valerio", "label_en": "POTERE AL POPOLO-Evangelisti Valerio", "description_it": null, "description_en": null}, {"name": "potere_al_popolo_ferrari_eleonora", "description": null, "annotations": {}, "label": "POTERE AL POPOLO-Ferrari Eleonora", "type": "int", "label_it": "POTERE AL POPOLO-Ferrari Eleonora", "label_en": "POTERE AL POPOLO-Ferrari Eleonora", "description_it": null, "description_en": null}, {"name": "potere_al_popolo_giannotti_mattia", "description": null, "annotations": {}, "label": "POTERE AL POPOLO-Giannotti Mattia", "type": "int", "label_it": "POTERE AL POPOLO-Giannotti Mattia", "label_en": "POTERE AL POPOLO-Giannotti Mattia", "description_it": null, "description_en": null}, {"name": "potere_al_popolo_maccentelli_gian_domenico_detto_nico", "description": null, "annotations": {}, "label": "POTERE AL POPOLO-Maccentelli Gian Domenico (detto 'Nico')", "type": "int", "label_it": "POTERE AL POPOLO-Maccentelli Gian Domenico (detto 'Nico')", "label_en": "POTERE AL POPOLO-Maccentelli Gian Domenico (detto 'Nico')", "description_it": null, "description_en": null}, {"name": "potere_al_popolo_marino_patrizia", "description": null, "annotations": {}, "label": "POTERE AL POPOLO-Marino Patrizia", "type": "int", "label_it": "POTERE AL POPOLO-Marino Patrizia", "label_en": "POTERE AL POPOLO-Marino Patrizia", "description_it": null, "description_en": null}, {"name": "potere_al_popolo_mazzola_orsola", "description": null, "annotations": {}, "label": "POTERE AL POPOLO-Mazzola Orsola", "type": "int", "label_it": "POTERE AL POPOLO-Mazzola Orsola", "label_en": "POTERE AL POPOLO-Mazzola Orsola", "description_it": null, "description_en": null}, {"name": "potere_al_popolo_poli_argentina", "description": null, "annotations": {}, "label": "POTERE AL POPOLO-Poli Argentina", "type": "int", "label_it": "POTERE AL POPOLO-Poli Argentina", "label_en": "POTERE AL POPOLO-Poli Argentina", "description_it": null, "description_en": null}, {"name": "potere_al_popolo_rizzi_paolo", "description": null, "annotations": {}, "label": "POTERE AL POPOLO-Rizzi Paolo", "type": "int", "label_it": "POTERE AL POPOLO-Rizzi Paolo", "label_en": "POTERE AL POPOLO-Rizzi Paolo", "description_it": null, "description_en": null}, {"name": "potere_al_popolo_sicuro_maurizio", "description": null, "annotations": {}, "label": "POTERE AL POPOLO-Sicuro Maurizio", "type": "int", "label_it": "POTERE AL POPOLO-Sicuro Maurizio", "label_en": "POTERE AL POPOLO-Sicuro Maurizio", "description_it": null, "description_en": null}, {"name": "potere_al_popolo_valdiserra_daniela", "description": null, "annotations": {}, "label": "POTERE AL POPOLO-Valdiserra Daniela", "type": "int", "label_it": "POTERE AL POPOLO-Valdiserra Daniela", "label_en": "POTERE AL POPOLO-Valdiserra Daniela", "description_it": null, "description_en": null}, {"name": "potere_al_popolo_via_mariarachele", "description": null, "annotations": {}, "label": "POTERE AL POPOLO-Via Mariarachele", "type": "int", "label_it": "POTERE AL POPOLO-Via Mariarachele", "label_en": "POTERE AL POPOLO-Via Mariarachele", "description_it": null, "description_en": null}, {"name": "potere_al_popolo_zamboni_elisa", "description": null, "annotations": {}, "label": "POTERE AL POPOLO-Zamboni Elisa", "type": "int", "label_it": "POTERE AL POPOLO-Zamboni Elisa", "label_en": "POTERE AL POPOLO-Zamboni Elisa", "description_it": null, "description_en": null}, {"name": "fratelli_d_talia_bastelli_leonardo", "description": null, "annotations": {}, "label": "FRATELLI D'TALIA-Bastelli Leonardo", "type": "int", "label_it": "FRATELLI D'TALIA-Bastelli Leonardo", "label_en": "FRATELLI D'TALIA-Bastelli Leonardo", "description_it": null, "description_en": null}, {"name": "fratelli_d_talia_belletti_sara", "description": null, "annotations": {}, "label": "FRATELLI D'TALIA-Belletti Sara", "type": "int", "label_it": "FRATELLI D'TALIA-Belletti Sara", "label_en": "FRATELLI D'TALIA-Belletti Sara", "description_it": null, "description_en": null}, {"name": "fratelli_d_talia_bignami_maria_runa", "description": null, "annotations": {}, "label": "FRATELLI D'TALIA-Bignami Maria Runa", "type": "int", "label_it": "FRATELLI D'TALIA-Bignami Maria Runa", "label_en": "FRATELLI D'TALIA-Bignami Maria Runa", "description_it": null, "description_en": null}, {"name": "fratelli_d_talia_brighenti_patrizia", "description": null, "annotations": {}, "label": "FRATELLI D'TALIA-Brighenti Patrizia", "type": "int", "label_it": "FRATELLI D'TALIA-Brighenti Patrizia", "label_en": "FRATELLI D'TALIA-Brighenti Patrizia", "description_it": null, "description_en": null}, {"name": "fratelli_d_talia_callegaro_sandro", "description": null, "annotations": {}, "label": "FRATELLI D'TALIA-Callegaro Sandro", "type": "int", "label_it": "FRATELLI D'TALIA-Callegaro Sandro", "label_en": "FRATELLI D'TALIA-Callegaro Sandro", "description_it": null, "description_en": null}, {"name": "fratelli_d_talia_cane_licia", "description": null, "annotations": {}, "label": "FRATELLI D'TALIA-Cane' Licia", "type": "int", "label_it": "FRATELLI D'TALIA-Cane' Licia", "label_en": "FRATELLI D'TALIA-Cane' Licia", "description_it": null, "description_en": null}, {"name": "fratelli_d_talia_ciarelli_alberto", "description": null, "annotations": {}, "label": "FRATELLI D'TALIA-Ciarelli Alberto", "type": "int", "label_it": "FRATELLI D'TALIA-Ciarelli Alberto", "label_en": "FRATELLI D'TALIA-Ciarelli Alberto", "description_it": null, "description_en": null}, {"name": "fratelli_d_talia_dattolo_lorenzo", "description": null, "annotations": {}, "label": "FRATELLI D'TALIA-Dattolo Lorenzo", "type": "int", "label_it": "FRATELLI D'TALIA-Dattolo Lorenzo", "label_en": "FRATELLI D'TALIA-Dattolo Lorenzo", "description_it": null, "description_en": null}, {"name": "fratelli_d_talia_gaiba_fabrizio", "description": null, "annotations": {}, "label": "FRATELLI D'TALIA-Gaiba Fabrizio", "type": "int", "label_it": "FRATELLI D'TALIA-Gaiba Fabrizio", "label_en": "FRATELLI D'TALIA-Gaiba Fabrizio", "description_it": null, "description_en": null}, {"name": "fratelli_d_talia_giovinetti_veronica", "description": null, "annotations": {}, "label": "FRATELLI D'TALIA-Giovinetti Veronica", "type": "int", "label_it": "FRATELLI D'TALIA-Giovinetti Veronica", "label_en": "FRATELLI D'TALIA-Giovinetti Veronica", "description_it": null, "description_en": null}, {"name": "fratelli_d_talia_miha_xhimi_detto_jimmy", "description": null, "annotations": {}, "label": "FRATELLI D'TALIA-Miha Xhimi (detto 'Jimmy')", "type": "int", "label_it": "FRATELLI D'TALIA-Miha Xhimi (detto 'Jimmy')", "label_en": "FRATELLI D'TALIA-Miha Xhimi (detto 'Jimmy')", "description_it": null, "description_en": null}, {"name": "fratelli_d_talia_nedea_martian_sorin_detto_sorin", "description": null, "annotations": {}, "label": "FRATELLI D'TALIA-Nedea Martian-Sorin (detto 'Sorin')", "type": "int", "label_it": "FRATELLI D'TALIA-Nedea Martian-Sorin (detto 'Sorin')", "label_en": "FRATELLI D'TALIA-Nedea Martian-Sorin (detto 'Sorin')", "description_it": null, "description_en": null}, {"name": "fratelli_d_talia_negri_umberto", "description": null, "annotations": {}, "label": "FRATELLI D'TALIA-Negri Umberto", "type": "int", "label_it": "FRATELLI D'TALIA-Negri Umberto", "label_en": "FRATELLI D'TALIA-Negri Umberto", "description_it": null, "description_en": null}, {"name": "fratelli_d_talia_venturini_eros_matteo", "description": null, "annotations": {}, "label": "FRATELLI D'TALIA-Venturini Eros Matteo", "type": "int", "label_it": "FRATELLI D'TALIA-Venturini Eros Matteo", "label_en": "FRATELLI D'TALIA-Venturini Eros Matteo", "description_it": null, "description_en": null}, {"name": "fratelli_d_talia_zanotto_massimiliano", "description": null, "annotations": {}, "label": "FRATELLI D'TALIA-Zanotto Massimiliano", "type": "int", "label_it": "FRATELLI D'TALIA-Zanotto Massimiliano", "label_en": "FRATELLI D'TALIA-Zanotto Massimiliano", "description_it": null, "description_en": null}], "metas": {"dcat": {"created": null, "issued": null, "creator": "Comune di Bologna", "contributor": null, "contact_name": "Ufficio Dati e Open Data", "contact_email": "opendata@comune.bologna.it", "accrualperiodicity": "http://publications.europa.eu/resource/authority/frequency/NEVER", "spatial": null, "temporal": null, "granularity": null, "dataquality": null, "publisher_type": null, "conforms_to": null, "temporal_coverage_start": null, "temporal_coverage_end": null, "accessRights": null, "relation": null}, "semantic": {"rml_mapping": null, "classes": null, "properties": null}, "dcat_ap_it": {"publisher_id": null}, "default": {"title": "Elezioni amministrative 2021. Consigli Circoscrizionali - Quartiere Savena", "title_it": "Elezioni amministrative 2021. Consigli Circoscrizionali - Quartiere Savena", "title_en": "Elezioni amministrative 2021. Consigli Circoscrizionali - Quartiere Savena", "description": "<p>Elezioni amministrative 2021. Voti ai candidati per il Consiglio Circoscrizionale per il quartiere Savena</p>", "description_it": "<p>Elezioni amministrative 2021. Voti ai candidati per il Consiglio Circoscrizionale per il quartiere Savena</p>", "description_en": "<p>Elezioni amministrative 2021. Voti ai candidati per il Consiglio Circoscrizionale per il quartiere Savena</p>", "theme": ["Regioni e citt\u00e0"], "theme_it": ["Regioni e citt\u00e0"], "theme_en": ["Regioni e citt\u00e0"], "keyword": null, "keyword_it": null, "keyword_en": null, "license": "CC BY 4.0", "license_it": "CC BY 4.0", "license_en": "CC BY 4.0", "license_url": "https://creativecommons.org/licenses/by/4.0/", "license_url_it": "https://creativecommons.org/licenses/by/4.0/", "license_url_en": "https://creativecommons.org/licenses/by/4.0/", "language": "it", "metadata_languages": ["it"], "timezone": ["Europe/Rome"], "modified": "2021-10-05T11:31:30+00:00", "modified_updates_on_metadata_change": false, "modified_updates_on_data_change": false, "data_processed": "2025-03-17T16:51:33.755000+00:00", "metadata_processed": "2025-03-19T15:32:12.983000+00:00", "geographic_reference": ["world_it"], "geographic_reference_auto": true, "territory": ["Italy"], "geometry_types": null, "bbox": null, "publisher": "Comune di Bologna", "publisher_it": "Comune di Bologna", "publisher_en": "Comune di Bologna", "references": null, "records_count": 71, "attributions": null, "source_domain": null, "source_domain_title": null, "source_domain_address": null, "source_dataset": null, "shared_catalog": null, "federated": false, "parent_domain": null, "update_frequency": null}}}}