{"links": [{"rel": "self", "href": "https://opendata.comune.bologna.it/api/v2/catalog/datasets/elezioni-amministrative-2021-preferenze-lista-movimento-5-stelle-2050"}, {"rel": "datasets", "href": "https://opendata.comune.bologna.it/api/v2/catalog/datasets"}, {"rel": "records", "href": "https://opendata.comune.bologna.it/api/v2/catalog/datasets/elezioni-amministrative-2021-preferenze-lista-movimento-5-stelle-2050/records"}, {"rel": "exports", "href": "https://opendata.comune.bologna.it/api/v2/catalog/datasets/elezioni-amministrative-2021-preferenze-lista-movimento-5-stelle-2050/exports"}, {"rel": "facets", "href": "https://opendata.comune.bologna.it/api/v2/catalog/datasets/elezioni-amministrative-2021-preferenze-lista-movimento-5-stelle-2050/facets"}], "dataset": {"visibility": "domain", "dataset_id": "elezioni-amministrative-2021-preferenze-lista-movimento-5-stelle-2050", "dataset_uid": "da_rhgbsc", "has_records": true, "features": ["analyze"], "attachments": [], "alternative_exports": [], "data_visible": true, "fields": [{"name": "sezione", "description": "Numero sezione elettorale", "annotations": {}, "label": "Sezione", "type": "int", "label_it": "Sezione", "label_en": "Sezione", "description_it": "Numero sezione elettorale", "description_en": "Numero sezione elettorale"}, {"name": "iscritti", "description": "Numero votanti iscritti", "annotations": {}, "label": "Iscritti", "type": "int", "label_it": "Iscritti", "label_en": "Iscritti", "description_it": "Numero votanti iscritti", "description_en": "Numero votanti iscritti"}, {"name": "quartiere", "description": "Nome quartiere", "annotations": {"facet": true, "facetsort": "alphanum"}, "label": "Quartiere", "type": "text", "label_it": "Quartiere", "label_en": "Quartiere", "description_it": "Nome quartiere", "description_en": "Nome quartiere"}, {"name": "zona", "description": "Nome zona", "annotations": {"facet": true, "facetsort": "alphanum"}, "label": "Zona", "type": "text", "label_it": "Zona", "label_en": "Zona", "description_it": "Nome zona", "description_en": "Nome zona"}, {"name": "nome_lista", "description": null, "annotations": {}, "label": "Nome Lista", "type": "text", "label_it": "Nome Lista", "label_en": "Nome Lista", "description_it": null, "description_en": null}, {"name": "agostino_giovanni", "description": null, "annotations": {}, "label": "Agostino Giovanni", "type": "int", "label_it": "Agostino Giovanni", "label_en": "Agostino Giovanni", "description_it": null, "description_en": null}, {"name": "bonanno_alberto", "description": null, "annotations": {}, "label": "Bonanno Alberto", "type": "int", "label_it": "Bonanno Alberto", "label_en": "Bonanno Alberto", "description_it": null, "description_en": null}, {"name": "borghesan_emanuele", "description": null, "annotations": {}, "label": "Borghesan Emanuele", "type": "int", "label_it": "Borghesan Emanuele", "label_en": "Borghesan Emanuele", "description_it": null, "description_en": null}, {"name": "borin_elena", "description": null, "annotations": {}, "label": "Borin Elena", "type": "int", "label_it": "Borin Elena", "label_en": "Borin Elena", "description_it": null, "description_en": null}, {"name": "bugani_massimo_detto_max", "description": null, "annotations": {}, "label": "Bugani Massimo (detto 'Max')", "type": "int", "label_it": "Bugani Massimo (detto 'Max')", "label_en": "Bugani Massimo (detto 'Max')", "description_it": null, "description_en": null}, {"name": "capelli_vanna", "description": null, "annotations": {}, "label": "Capelli Vanna", "type": "int", "label_it": "Capelli Vanna", "label_en": "Capelli Vanna", "description_it": null, "description_en": null}, {"name": "ciottariello_alba", "description": null, "annotations": {}, "label": "Ciottariello Alba", "type": "int", "label_it": "Ciottariello Alba", "label_en": "Ciottariello Alba", "description_it": null, "description_en": null}, {"name": "dante_stella_maris", "description": null, "annotations": {}, "label": "Dante Stella Maris", "type": "int", "label_it": "Dante Stella Maris", "label_en": "Dante Stella Maris", "description_it": null, "description_en": null}, {"name": "de_matteis_davide", "description": null, "annotations": {}, "label": "De Matteis Davide", "type": "int", "label_it": "De Matteis Davide", "label_en": "De Matteis Davide", "description_it": null, "description_en": null}, {"name": "di_bella_katya", "description": null, "annotations": {}, "label": "Di Bella Katya", "type": "int", "label_it": "Di Bella Katya", "label_en": "Di Bella Katya", "description_it": null, "description_en": null}, {"name": "di_lorenzo_danilo", "description": null, "annotations": {}, "label": "Di Lorenzo Danilo", "type": "int", "label_it": "Di Lorenzo Danilo", "label_en": "Di Lorenzo Danilo", "description_it": null, "description_en": null}, {"name": "fanti_milena", "description": null, "annotations": {}, "label": "Fanti Milena", "type": "int", "label_it": "Fanti Milena", "label_en": "Fanti Milena", "description_it": null, "description_en": null}, {"name": "ferraro_margherita", "description": null, "annotations": {}, "label": "Ferraro Margherita", "type": "int", "label_it": "Ferraro Margherita", "label_en": "Ferraro Margherita", "description_it": null, "description_en": null}, {"name": "fittipaldi_margherita", "description": null, "annotations": {}, "label": "Fittipaldi Margherita", "type": "int", "label_it": "Fittipaldi Margherita", "label_en": "Fittipaldi Margherita", "description_it": null, "description_en": null}, {"name": "frattarolo_eleonora", "description": null, "annotations": {}, "label": "Frattarolo Eleonora", "type": "int", "label_it": "Frattarolo Eleonora", "label_en": "Frattarolo Eleonora", "description_it": null, "description_en": null}, {"name": "lopez_marta_graciela", "description": null, "annotations": {}, "label": "Lopez Marta Graciela", "type": "int", "label_it": "Lopez Marta Graciela", "label_en": "Lopez Marta Graciela", "description_it": null, "description_en": null}, {"name": "mengoni_alberto_detto_holly", "description": null, "annotations": {}, "label": "Mengoni Alberto (detto 'Holly')", "type": "int", "label_it": "Mengoni Alberto (detto 'Holly')", "label_en": "Mengoni Alberto (detto 'Holly')", "description_it": null, "description_en": null}, {"name": "morales_jose_antonio", "description": null, "annotations": {}, "label": "Morales Jose Antonio", "type": "int", "label_it": "Morales Jose Antonio", "label_en": "Morales Jose Antonio", "description_it": null, "description_en": null}, {"name": "mulazzani_claudio", "description": null, "annotations": {}, "label": "Mulazzani Claudio", "type": "int", "label_it": "Mulazzani Claudio", "label_en": "Mulazzani Claudio", "description_it": null, "description_en": null}, {"name": "orlandini_nicoletta", "description": null, "annotations": {}, "label": "Orlandini Nicoletta", "type": "int", "label_it": "Orlandini Nicoletta", "label_en": "Orlandini Nicoletta", "description_it": null, "description_en": null}, {"name": "pattacini_dalio_detto_dario", "description": null, "annotations": {}, "label": "Pattacini Dalio (detto 'Dario')", "type": "int", "label_it": "Pattacini Dalio (detto 'Dario')", "label_en": "Pattacini Dalio (detto 'Dario')", "description_it": null, "description_en": null}, {"name": "piazza_marco", "description": null, "annotations": {}, "label": "Piazza Marco", "type": "int", "label_it": "Piazza Marco", "label_en": "Piazza Marco", "description_it": null, "description_en": null}, {"name": "pisu_roberta", "description": null, "annotations": {}, "label": "Pisu Roberta", "type": "int", "label_it": "Pisu Roberta", "label_en": "Pisu Roberta", "description_it": null, "description_en": null}, {"name": "rainone_paolo", "description": null, "annotations": {}, "label": "Rainone Paolo", "type": "int", "label_it": "Rainone Paolo", "label_en": "Rainone Paolo", "description_it": null, "description_en": null}, {"name": "reccia_elisa", "description": null, "annotations": {}, "label": "Reccia Elisa", "type": "int", "label_it": "Reccia Elisa", "label_en": "Reccia Elisa", "description_it": null, "description_en": null}, {"name": "ricucci_marilena", "description": null, "annotations": {}, "label": "Ricucci Marilena", "type": "int", "label_it": "Ricucci Marilena", "label_en": "Ricucci Marilena", "description_it": null, "description_en": null}, {"name": "risi_chiara", "description": null, "annotations": {}, "label": "Risi Chiara", "type": "int", "label_it": "Risi Chiara", "label_en": "Risi Chiara", "description_it": null, "description_en": null}, {"name": "ruggeri_gabriella", "description": null, "annotations": {}, "label": "Ruggeri Gabriella", "type": "int", "label_it": "Ruggeri Gabriella", "label_en": "Ruggeri Gabriella", "description_it": null, "description_en": null}, {"name": "scardovi_maurizio", "description": null, "annotations": {}, "label": "Scardovi Maurizio", "type": "int", "label_it": "Scardovi Maurizio", "label_en": "Scardovi Maurizio", "description_it": null, "description_en": null}, {"name": "spisni_alberto", "description": null, "annotations": {}, "label": "Spisni Alberto", "type": "int", "label_it": "Spisni Alberto", "label_en": "Spisni Alberto", "description_it": null, "description_en": null}, {"name": "stefanelli_stefano", "description": null, "annotations": {}, "label": "Stefanelli Stefano", "type": "int", "label_it": "Stefanelli Stefano", "label_en": "Stefanelli Stefano", "description_it": null, "description_en": null}, {"name": "ventura_mirko", "description": null, "annotations": {}, "label": "Ventura Mirko", "type": "int", "label_it": "Ventura Mirko", "label_en": "Ventura Mirko", "description_it": null, "description_en": null}], "metas": {"dcat": {"created": null, "issued": null, "creator": "Comune di Bologna", "contributor": null, "contact_name": "Ufficio Dati e Open Data", "contact_email": "opendata@comune.bologna.it", "accrualperiodicity": "http://publications.europa.eu/resource/authority/frequency/NEVER", "spatial": null, "temporal": null, "granularity": null, "dataquality": null, "publisher_type": null, "conforms_to": null, "temporal_coverage_start": null, "temporal_coverage_end": null, "accessRights": null, "relation": null}, "semantic": {"rml_mapping": null, "classes": null, "properties": null}, "dcat_ap_it": {"publisher_id": null}, "default": {"title": "Elezioni amministrative 2021 - Preferenze lista MOVIMENTO 5 STELLE 2050", "title_it": "Elezioni amministrative 2021 - Preferenze lista MOVIMENTO 5 STELLE 2050", "title_en": "Elezioni amministrative 2021 - Preferenze lista MOVIMENTO 5 STELLE 2050", "description": "<p>Elezioni amministrative 2021. Voti assegnati ai candidati delle liste per il Consiglio Comunale.</p><p>I dati pubblicati, si riferiscono alle comunicazioni pervenute dai presidenti di seggio al termine delle operazioni di scrutinio, e non rivestono, pertanto, carattere di ufficialit\u00e0.\u00a0La proclamazione ufficiale degli esiti \u00e8 prerogativa degli uffici elettorali centrali e circoscrizionali.</p>", "description_it": "<p>Elezioni amministrative 2021. Voti assegnati ai candidati delle liste per il Consiglio Comunale.</p><p>I dati pubblicati, si riferiscono alle comunicazioni pervenute dai presidenti di seggio al termine delle operazioni di scrutinio, e non rivestono, pertanto, carattere di ufficialit\u00e0.\u00a0La proclamazione ufficiale degli esiti \u00e8 prerogativa degli uffici elettorali centrali e circoscrizionali.</p>", "description_en": "<p>Elezioni amministrative 2021. Voti assegnati ai candidati delle liste per il Consiglio Comunale.</p><p>I dati pubblicati, si riferiscono alle comunicazioni pervenute dai presidenti di seggio al termine delle operazioni di scrutinio, e non rivestono, pertanto, carattere di ufficialit\u00e0.\u00a0La proclamazione ufficiale degli esiti \u00e8 prerogativa degli uffici elettorali centrali e circoscrizionali.</p>", "theme": ["Regioni e citt\u00e0"], "theme_it": ["Regioni e citt\u00e0"], "theme_en": ["Regioni e citt\u00e0"], "keyword": null, "keyword_it": null, "keyword_en": null, "license": "CC BY 4.0", "license_it": "CC BY 4.0", "license_en": "CC BY 4.0", "license_url": "https://creativecommons.org/licenses/by/4.0/", "license_url_it": "https://creativecommons.org/licenses/by/4.0/", "license_url_en": "https://creativecommons.org/licenses/by/4.0/", "language": "it", "metadata_languages": ["it"], "timezone": ["Europe/Rome"], "modified": "2021-10-05T10:27:47+00:00", "modified_updates_on_metadata_change": false, "modified_updates_on_data_change": false, "data_processed": "2025-03-17T16:33:50.255000+00:00", "metadata_processed": "2025-05-08T15:28:34.125000+00:00", "geographic_reference": ["world_it"], "geographic_reference_auto": true, "territory": ["Italy"], "geometry_types": null, "bbox": null, "publisher": "Comune di Bologna", "publisher_it": "Comune di Bologna", "publisher_en": "Comune di Bologna", "references": null, "records_count": 445, "attributions": null, "source_domain": null, "source_domain_title": null, "source_domain_address": null, "source_dataset": null, "shared_catalog": null, "federated": false, "parent_domain": null, "update_frequency": null}}}}