{"links": [{"rel": "self", "href": "https://opendata.comune.bologna.it/api/v2/catalog/datasets/elezioni-regionali-2024-presidenti"}, {"rel": "datasets", "href": "https://opendata.comune.bologna.it/api/v2/catalog/datasets"}, {"rel": "records", "href": "https://opendata.comune.bologna.it/api/v2/catalog/datasets/elezioni-regionali-2024-presidenti/records"}, {"rel": "exports", "href": "https://opendata.comune.bologna.it/api/v2/catalog/datasets/elezioni-regionali-2024-presidenti/exports"}, {"rel": "facets", "href": "https://opendata.comune.bologna.it/api/v2/catalog/datasets/elezioni-regionali-2024-presidenti/facets"}], "dataset": {"visibility": "domain", "dataset_id": "elezioni-regionali-2024-presidenti", "dataset_uid": "da_97tamz", "has_records": true, "features": ["analyze"], "attachments": [], "alternative_exports": [], "data_visible": true, "fields": [{"name": "sezione", "description": null, "annotations": {"facet": true, "facetsort": "num"}, "label": "Sezione", "type": "int", "label_it": "Sezione", "label_en": "Sezione", "description_it": null, "description_en": null}, {"name": "quartiere", "description": "Nome quartiere", "annotations": {"facet": true, "facetsort": "alphanum"}, "label": "Quartiere", "type": "text", "label_it": "Quartiere", "label_en": "Quartiere", "description_it": "Nome quartiere", "description_en": "Nome quartiere"}, {"name": "zona", "description": "Zona statistica", "annotations": {"facet": true, "facetsort": "alphanum"}, "label": "Zona", "type": "text", "label_it": "Zona", "label_en": "Zona", "description_it": "Zona statistica", "description_en": "Zona statistica"}, {"name": "de_pascale_michele", "description": null, "annotations": {}, "label": "DE PASCALE MICHELE", "type": "int", "label_it": "DE PASCALE MICHELE", "label_en": "DE PASCALE MICHELE", "description_it": null, "description_en": null}, {"name": "di_cui_de_pascale", "description": null, "annotations": {}, "label": "DI CUI DE PASCALE", "type": "int", "label_it": "DI CUI DE PASCALE", "label_en": "DI CUI DE PASCALE", "description_it": null, "description_en": null}, {"name": "serra_federico", "description": null, "annotations": {}, "label": "SERRA FEDERICO", "type": "int", "label_it": "SERRA FEDERICO", "label_en": "SERRA FEDERICO", "description_it": null, "description_en": null}, {"name": "di_cui_serra", "description": null, "annotations": {}, "label": "DI CUI SERRA", "type": "int", "label_it": "DI CUI SERRA", "label_en": "DI CUI SERRA", "description_it": null, "description_en": null}, {"name": "teodori_luca", "description": null, "annotations": {}, "label": "TEODORI LUCA", "type": "int", "label_it": "TEODORI LUCA", "label_en": "TEODORI LUCA", "description_it": null, "description_en": null}, {"name": "di_cui_teodori", "description": null, "annotations": {}, "label": "DI CUI TEODORI", "type": "int", "label_it": "DI CUI TEODORI", "label_en": "DI CUI TEODORI", "description_it": null, "description_en": null}, {"name": "ugolini_elena", "description": null, "annotations": {}, "label": "UGOLINI ELENA", "type": "int", "label_it": "UGOLINI ELENA", "label_en": "UGOLINI ELENA", "description_it": null, "description_en": null}, {"name": "di_cui_ugolini", "description": null, "annotations": {}, "label": "DI CUI UGOLINI", "type": "int", "label_it": "DI CUI UGOLINI", "label_en": "DI CUI UGOLINI", "description_it": null, "description_en": null}, {"name": "schede_nulle", "description": null, "annotations": {}, "label": "Schede nulle", "type": "int", "label_it": "Schede nulle", "label_en": "Schede nulle", "description_it": null, "description_en": null}, {"name": "schede_bianche", "description": null, "annotations": {}, "label": "Schede bianche", "type": "int", "label_it": "Schede bianche", "label_en": "Schede bianche", "description_it": null, "description_en": null}, {"name": "schede_contestate_e_non_attribuite", "description": null, "annotations": {}, "label": "Schede contestate e non attribuite", "type": "int", "label_it": "Schede contestate e non attribuite", "label_en": "Schede contestate e non attribuite", "description_it": null, "description_en": null}, {"name": "totale_votanti", "description": "Totale dei votanti", "annotations": {}, "label": "Totale votanti", "type": "int", "label_it": "Totale votanti", "label_en": "Totale votanti", "description_it": "Totale dei votanti", "description_en": "Totale dei votanti"}, {"name": "totale_iscritti", "description": "Totale degli iscritti al voto", "annotations": {}, "label": "Totale iscritti", "type": "int", "label_it": "Totale iscritti", "label_en": "Totale iscritti", "description_it": "Totale degli iscritti al voto", "description_en": "Totale degli iscritti al voto"}], "metas": {"dcat": {"created": null, "issued": null, "creator": "Comune di Bologna", "contributor": null, "contact_name": "Ufficio Dati e Open Data", "contact_email": "opendata@comune.bologna.it", "accrualperiodicity": "http://publications.europa.eu/resource/authority/frequency/NEVER", "spatial": null, "temporal": "26/01/2020", "granularity": null, "dataquality": null, "publisher_type": null, "conforms_to": null, "temporal_coverage_start": null, "temporal_coverage_end": null, "accessRights": null, "relation": null}, "semantic": {"rml_mapping": null, "classes": null, "properties": null}, "dcat_ap_it": {"publisher_id": null}, "default": {"title": "Elezioni regionali novembre 2024- Voti ai Presidenti candidati", "title_it": "Elezioni regionali novembre 2024- Voti ai Presidenti candidati", "title_en": "Elezioni regionali novembre 2024- Voti ai Presidenti candidati", "description": "<p>Elezioni regionalinovembre 2024. Voti per candidato Presidente suddivisi per sezione elettorale, quartiere e zona.</p>", "description_it": "<p>Elezioni regionalinovembre 2024. Voti per candidato Presidente suddivisi per sezione elettorale, quartiere e zona.</p>", "description_en": "<p>Elezioni regionalinovembre 2024. Voti per candidato Presidente suddivisi per sezione elettorale, quartiere e zona.</p>", "theme": ["Regioni e citt\u00e0"], "theme_it": ["Regioni e citt\u00e0"], "theme_en": ["Regioni e citt\u00e0"], "keyword": null, "keyword_it": null, "keyword_en": null, "license": "CC BY 4.0", "license_it": "CC BY 4.0", "license_en": "CC BY 4.0", "license_url": "https://creativecommons.org/licenses/by/4.0/", "license_url_it": "https://creativecommons.org/licenses/by/4.0/", "license_url_en": "https://creativecommons.org/licenses/by/4.0/", "language": "it", "metadata_languages": ["it"], "timezone": ["Europe/Rome"], "modified": "2024-11-19T13:33:06+00:00", "modified_updates_on_metadata_change": false, "modified_updates_on_data_change": false, "data_processed": "2024-11-19T09:35:06.303000+00:00", "metadata_processed": "2025-05-07T10:41:48.386000+00:00", "geographic_reference": ["world_it"], "geographic_reference_auto": true, "territory": ["Italy"], "geometry_types": null, "bbox": null, "publisher": "Comune di Bologna", "publisher_it": "Comune di Bologna", "publisher_en": "Comune di Bologna", "references": null, "records_count": 445, "attributions": null, "source_domain": null, "source_domain_title": null, "source_domain_address": null, "source_dataset": null, "shared_catalog": null, "federated": false, "parent_domain": null, "update_frequency": null}}}}