{"links": [{"rel": "self", "href": "https://opendata.comune.bologna.it/api/v2/catalog/datasets/elezioni-regionali-26-gennaio-2020-voti-di-lista"}, {"rel": "datasets", "href": "https://opendata.comune.bologna.it/api/v2/catalog/datasets"}, {"rel": "records", "href": "https://opendata.comune.bologna.it/api/v2/catalog/datasets/elezioni-regionali-26-gennaio-2020-voti-di-lista/records"}, {"rel": "exports", "href": "https://opendata.comune.bologna.it/api/v2/catalog/datasets/elezioni-regionali-26-gennaio-2020-voti-di-lista/exports"}, {"rel": "facets", "href": "https://opendata.comune.bologna.it/api/v2/catalog/datasets/elezioni-regionali-26-gennaio-2020-voti-di-lista/facets"}], "dataset": {"visibility": "domain", "dataset_id": "elezioni-regionali-26-gennaio-2020-voti-di-lista", "dataset_uid": "da_jtsmow", "has_records": true, "features": ["analyze"], "attachments": [], "alternative_exports": [], "data_visible": true, "fields": [{"name": "ni_sez", "description": "Numero sezione elettorale", "annotations": {}, "label": "NI_SEZ", "type": "int", "label_it": "NI_SEZ", "label_en": "NI_SEZ", "description_it": "Numero sezione elettorale", "description_en": "Numero sezione elettorale"}, {"name": "quartiere", "description": "Nome quartiere", "annotations": {}, "label": "QUARTIERE", "type": "text", "label_it": "QUARTIERE", "label_en": "QUARTIERE", "description_it": "Nome quartiere", "description_en": "Nome quartiere"}, {"name": "zona", "description": "Nome zona", "annotations": {}, "label": "ZONA", "type": "text", "label_it": "ZONA", "label_en": "ZONA", "description_it": "Nome zona", "description_en": "Nome zona"}, {"name": "bonaccini_presidente_bonaccorsi_ilaria", "description": "Lista-candidato", "annotations": {}, "label": "BONACCINI PRESIDENTE-BONACCORSI ILARIA", "type": "int", "label_it": "BONACCINI PRESIDENTE-BONACCORSI ILARIA", "label_en": "BONACCINI PRESIDENTE-BONACCORSI ILARIA", "description_it": "Lista-candidato", "description_en": "Lista-candidato"}, {"name": "bonaccini_presidente_faggioli_gianluca", "description": "Lista-candidato", "annotations": {}, "label": "BONACCINI PRESIDENTE-FAGGIOLI GIANLUCA", "type": "int", "label_it": "BONACCINI PRESIDENTE-FAGGIOLI GIANLUCA", "label_en": "BONACCINI PRESIDENTE-FAGGIOLI GIANLUCA", "description_it": "Lista-candidato", "description_en": "Lista-candidato"}, {"name": "bonaccini_presidente_felicori_mauro", "description": "Lista-candidata", "annotations": {}, "label": "BONACCINI PRESIDENTE-FELICORI MAURO", "type": "int", "label_it": "BONACCINI PRESIDENTE-FELICORI MAURO", "label_en": "BONACCINI PRESIDENTE-FELICORI MAURO", "description_it": "Lista-candidata", "description_en": "Lista-candidata"}, {"name": "bonaccini_presidente_gambarini_simone", "description": "Lista-candidato", "annotations": {}, "label": "BONACCINI PRESIDENTE-GAMBARINI SIMONE", "type": "int", "label_it": "BONACCINI PRESIDENTE-GAMBARINI SIMONE", "label_en": "BONACCINI PRESIDENTE-GAMBARINI SIMONE", "description_it": "Lista-candidato", "description_en": "Lista-candidato"}, {"name": "bonaccini_presidente_gazzotti_lucia", "description": "Lista-candidato", "annotations": {}, "label": "BONACCINI PRESIDENTE-GAZZOTTI LUCIA", "type": "int", "label_it": "BONACCINI PRESIDENTE-GAZZOTTI LUCIA", "label_en": "BONACCINI PRESIDENTE-GAZZOTTI LUCIA", "description_it": "Lista-candidato", "description_en": "Lista-candidato"}, {"name": "bonaccini_presidente_linguerri_romano", "description": "Lista-candidato", "annotations": {}, "label": "BONACCINI PRESIDENTE-LINGUERRI ROMANO", "type": "int", "label_it": "BONACCINI PRESIDENTE-LINGUERRI ROMANO", "label_en": "BONACCINI PRESIDENTE-LINGUERRI ROMANO", "description_it": "Lista-candidato", "description_en": "Lista-candidato"}, {"name": "bonaccini_presidente_milani_melissa", "description": "Lista-candidato", "annotations": {}, "label": "BONACCINI PRESIDENTE-MILANI MELISSA", "type": "int", "label_it": "BONACCINI PRESIDENTE-MILANI MELISSA", "label_en": "BONACCINI PRESIDENTE-MILANI MELISSA", "description_it": "Lista-candidato", "description_en": "Lista-candidato"}, {"name": "bonaccini_presidente_mingozzi_oriella", "description": "Lista-candidato", "annotations": {}, "label": "BONACCINI PRESIDENTE-MINGOZZI ORIELLA", "type": "int", "label_it": "BONACCINI PRESIDENTE-MINGOZZI ORIELLA", "label_en": "BONACCINI PRESIDENTE-MINGOZZI ORIELLA", "description_it": "Lista-candidato", "description_en": "Lista-candidato"}, {"name": "bonaccini_presidente_mucci_mara", "description": "Lista-candidato", "annotations": {}, "label": "BONACCINI PRESIDENTE-MUCCI MARA", "type": "int", "label_it": "BONACCINI PRESIDENTE-MUCCI MARA", "label_en": "BONACCINI PRESIDENTE-MUCCI MARA", "description_it": "Lista-candidato", "description_en": "Lista-candidato"}, {"name": "bonaccini_presidente_stella_andrea", "description": "Lista-candidato", "annotations": {}, "label": "BONACCINI PRESIDENTE-STELLA ANDREA", "type": "int", "label_it": "BONACCINI PRESIDENTE-STELLA ANDREA", "label_en": "BONACCINI PRESIDENTE-STELLA ANDREA", "description_it": "Lista-candidato", "description_en": "Lista-candidato"}, {"name": "bonaccini_presidente_tanari_maria_elisabetta", "description": "Lista-candidato", "annotations": {}, "label": "BONACCINI PRESIDENTE-TANARI MARIA ELISABETTA", "type": "int", "label_it": "BONACCINI PRESIDENTE-TANARI MARIA ELISABETTA", "label_en": "BONACCINI PRESIDENTE-TANARI MARIA ELISABETTA", "description_it": "Lista-candidato", "description_en": "Lista-candidato"}, {"name": "emilia_romagna_coraggiosa_ecologista_progressista_berti_gessica", "description": "Lista-candidato", "annotations": {}, "label": "EMILIA-ROMAGNA CORAGGIOSA ECOLOGISTA PROGRESSISTA-BERTI GESSICA", "type": "int", "label_it": "EMILIA-ROMAGNA CORAGGIOSA ECOLOGISTA PROGRESSISTA-BERTI GESSICA", "label_en": "EMILIA-ROMAGNA CORAGGIOSA ECOLOGISTA PROGRESSISTA-BERTI GESSICA", "description_it": "Lista-candidato", "description_en": "Lista-candidato"}, {"name": "emilia_romagna_coraggiosa_ecologista_progressista_capobianco_francesco", "description": "Lista-candidato", "annotations": {}, "label": "EMILIA-ROMAGNA CORAGGIOSA ECOLOGISTA PROGRESSISTA-CAPOBIANCO FRANCESCO", "type": "int", "label_it": "EMILIA-ROMAGNA CORAGGIOSA ECOLOGISTA PROGRESSISTA-CAPOBIANCO FRANCESCO", "label_en": "EMILIA-ROMAGNA CORAGGIOSA ECOLOGISTA PROGRESSISTA-CAPOBIANCO FRANCESCO", "description_it": "Lista-candidato", "description_en": "Lista-candidato"}, {"name": "emilia_romagna_coraggiosa_ecologista_progressista_caserta_sergio", "description": "Lista-candidato", "annotations": {}, "label": "EMILIA-ROMAGNA CORAGGIOSA ECOLOGISTA PROGRESSISTA-CASERTA SERGIO", "type": "int", "label_it": "EMILIA-ROMAGNA CORAGGIOSA ECOLOGISTA PROGRESSISTA-CASERTA SERGIO", "label_en": "EMILIA-ROMAGNA CORAGGIOSA ECOLOGISTA PROGRESSISTA-CASERTA SERGIO", "description_it": "Lista-candidato", "description_en": "Lista-candidato"}, {"name": "emilia_romagna_coraggiosa_ecologista_progressista_freddi_daniela", "description": "Lista-candidato", "annotations": {}, "label": "EMILIA-ROMAGNA CORAGGIOSA ECOLOGISTA PROGRESSISTA-FREDDI DANIELA", "type": "int", "label_it": "EMILIA-ROMAGNA CORAGGIOSA ECOLOGISTA PROGRESSISTA-FREDDI DANIELA", "label_en": "EMILIA-ROMAGNA CORAGGIOSA ECOLOGISTA PROGRESSISTA-FREDDI DANIELA", "description_it": "Lista-candidato", "description_en": "Lista-candidato"}, {"name": "emilia_romagna_coraggiosa_ecologista_progressista_manigrasso_giovanni", "description": "Lista-candidato", "annotations": {}, "label": "EMILIA-ROMAGNA CORAGGIOSA ECOLOGISTA PROGRESSISTA-MANIGRASSO GIOVANNI", "type": "int", "label_it": "EMILIA-ROMAGNA CORAGGIOSA ECOLOGISTA PROGRESSISTA-MANIGRASSO GIOVANNI", "label_en": "EMILIA-ROMAGNA CORAGGIOSA ECOLOGISTA PROGRESSISTA-MANIGRASSO GIOVANNI", "description_it": "Lista-candidato", "description_en": "Lista-candidato"}, {"name": "emilia_romagna_coraggiosa_ecologista_progressista_mato_jora", "description": "Lista-candidato", "annotations": {}, "label": "EMILIA-ROMAGNA CORAGGIOSA ECOLOGISTA PROGRESSISTA-MATO JORA", "type": "int", "label_it": "EMILIA-ROMAGNA CORAGGIOSA ECOLOGISTA PROGRESSISTA-MATO JORA", "label_en": "EMILIA-ROMAGNA CORAGGIOSA ECOLOGISTA PROGRESSISTA-MATO JORA", "description_it": "Lista-candidato", "description_en": "Lista-candidato"}, {"name": "emilia_romagna_coraggiosa_ecologista_progressista_pasquali_laura", "description": "Lista-candidato", "annotations": {}, "label": "EMILIA-ROMAGNA CORAGGIOSA ECOLOGISTA PROGRESSISTA-PASQUALI LAURA", "type": "int", "label_it": "EMILIA-ROMAGNA CORAGGIOSA ECOLOGISTA PROGRESSISTA-PASQUALI LAURA", "label_en": "EMILIA-ROMAGNA CORAGGIOSA ECOLOGISTA PROGRESSISTA-PASQUALI LAURA", "description_it": "Lista-candidato", "description_en": "Lista-candidato"}, {"name": "emilia_romagna_coraggiosa_ecologista_progressista_schlein_elena_ethel", "description": "Lista-candidato", "annotations": {}, "label": "EMILIA-ROMAGNA CORAGGIOSA ECOLOGISTA PROGRESSISTA-SCHLEIN ELENA ETHEL", "type": "int", "label_it": "EMILIA-ROMAGNA CORAGGIOSA ECOLOGISTA PROGRESSISTA-SCHLEIN ELENA ETHEL", "label_en": "EMILIA-ROMAGNA CORAGGIOSA ECOLOGISTA PROGRESSISTA-SCHLEIN ELENA ETHEL", "description_it": "Lista-candidato", "description_en": "Lista-candidato"}, {"name": "emilia_romagna_coraggiosa_ecologista_progressista_sedda_bruno", "description": "Lista-candidato", "annotations": {}, "label": "EMILIA-ROMAGNA CORAGGIOSA ECOLOGISTA PROGRESSISTA-SEDDA BRUNO", "type": "int", "label_it": "EMILIA-ROMAGNA CORAGGIOSA ECOLOGISTA PROGRESSISTA-SEDDA BRUNO", "label_en": "EMILIA-ROMAGNA CORAGGIOSA ECOLOGISTA PROGRESSISTA-SEDDA BRUNO", "description_it": "Lista-candidato", "description_en": "Lista-candidato"}, {"name": "emilia_romagna_coraggiosa_ecologista_progressista_taruffi_igor", "description": "Lista-candidato", "annotations": {}, "label": "EMILIA-ROMAGNA CORAGGIOSA ECOLOGISTA PROGRESSISTA-TARUFFI IGOR", "type": "int", "label_it": "EMILIA-ROMAGNA CORAGGIOSA ECOLOGISTA PROGRESSISTA-TARUFFI IGOR", "label_en": "EMILIA-ROMAGNA CORAGGIOSA ECOLOGISTA PROGRESSISTA-TARUFFI IGOR", "description_it": "Lista-candidato", "description_en": "Lista-candidato"}, {"name": "emilia_romagna_coraggiosa_ecologista_progressista_ulivieri_maximiliano", "description": "Lista-candidato", "annotations": {}, "label": "EMILIA-ROMAGNA CORAGGIOSA ECOLOGISTA PROGRESSISTA-ULIVIERI MAXIMILIANO", "type": "int", "label_it": "EMILIA-ROMAGNA CORAGGIOSA ECOLOGISTA PROGRESSISTA-ULIVIERI MAXIMILIANO", "label_en": "EMILIA-ROMAGNA CORAGGIOSA ECOLOGISTA PROGRESSISTA-ULIVIERI MAXIMILIANO", "description_it": "Lista-candidato", "description_en": "Lista-candidato"}, {"name": "europa_verde_calieri_renata", "description": "Lista-candidato", "annotations": {}, "label": "EUROPA VERDE-CALIERI RENATA", "type": "int", "label_it": "EUROPA VERDE-CALIERI RENATA", "label_en": "EUROPA VERDE-CALIERI RENATA", "description_it": "Lista-candidato", "description_en": "Lista-candidato"}, {"name": "europa_verde_fabianelli_alessandro", "description": "Lista-candidato", "annotations": {}, "label": "EUROPA VERDE-FABIANELLI ALESSANDRO", "type": "int", "label_it": "EUROPA VERDE-FABIANELLI ALESSANDRO", "label_en": "EUROPA VERDE-FABIANELLI ALESSANDRO", "description_it": "Lista-candidato", "description_en": "Lista-candidato"}, {"name": "europa_verde_galletti_paolo", "description": "Lista-candidato", "annotations": {}, "label": "EUROPA VERDE-GALLETTI PAOLO", "type": "int", "label_it": "EUROPA VERDE-GALLETTI PAOLO", "label_en": "EUROPA VERDE-GALLETTI PAOLO", "description_it": "Lista-candidato", "description_en": "Lista-candidato"}, {"name": "europa_verde_ghannouchi_eya", "description": "Lista-candidato", "annotations": {}, "label": "EUROPA VERDE-GHANNOUCHI EYA", "type": "int", "label_it": "EUROPA VERDE-GHANNOUCHI EYA", "label_en": "EUROPA VERDE-GHANNOUCHI EYA", "description_it": "Lista-candidato", "description_en": "Lista-candidato"}, {"name": "europa_verde_giovannini_michele", "description": "Lista-candidato", "annotations": {}, "label": "EUROPA VERDE-GIOVANNINI MICHELE", "type": "int", "label_it": "EUROPA VERDE-GIOVANNINI MICHELE", "label_en": "EUROPA VERDE-GIOVANNINI MICHELE", "description_it": "Lista-candidato", "description_en": "Lista-candidato"}, {"name": "europa_verde_lanzarini_pierpaolo", "description": "Lista-candidato", "annotations": {}, "label": "EUROPA VERDE-LANZARINI PIERPAOLO", "type": "int", "label_it": "EUROPA VERDE-LANZARINI PIERPAOLO", "label_en": "EUROPA VERDE-LANZARINI PIERPAOLO", "description_it": "Lista-candidato", "description_en": "Lista-candidato"}, {"name": "europa_verde_marletto_vittorio", "description": "Lista-candidato", "annotations": {}, "label": "EUROPA VERDE-MARLETTO VITTORIO", "type": "int", "label_it": "EUROPA VERDE-MARLETTO VITTORIO", "label_en": "EUROPA VERDE-MARLETTO VITTORIO", "description_it": "Lista-candidato", "description_en": "Lista-candidato"}, {"name": "europa_verde_pozzi_giulia", "description": "Lista-candidato", "annotations": {}, "label": "EUROPA VERDE-POZZI GIULIA", "type": "int", "label_it": "EUROPA VERDE-POZZI GIULIA", "label_en": "EUROPA VERDE-POZZI GIULIA", "description_it": "Lista-candidato", "description_en": "Lista-candidato"}, {"name": "europa_verde_santagata_manuela", "description": "Lista-candidato", "annotations": {}, "label": "EUROPA VERDE-SANTAGATA MANUELA", "type": "int", "label_it": "EUROPA VERDE-SANTAGATA MANUELA", "label_en": "EUROPA VERDE-SANTAGATA MANUELA", "description_it": "Lista-candidato", "description_en": "Lista-candidato"}, {"name": "europa_verde_tazzari_sylvia", "description": "Lista-candidato", "annotations": {}, "label": "EUROPA VERDE-TAZZARI SYLVIA", "type": "int", "label_it": "EUROPA VERDE-TAZZARI SYLVIA", "label_en": "EUROPA VERDE-TAZZARI SYLVIA", "description_it": "Lista-candidato", "description_en": "Lista-candidato"}, {"name": "europa_verde_zamboni_silvia", "description": "Lista-candidato", "annotations": {}, "label": "EUROPA VERDE-ZAMBONI SILVIA", "type": "int", "label_it": "EUROPA VERDE-ZAMBONI SILVIA", "label_en": "EUROPA VERDE-ZAMBONI SILVIA", "description_it": "Lista-candidato", "description_en": "Lista-candidato"}, {"name": "forza_italia_brunelli_elisabetta", "description": null, "annotations": {}, "label": "FORZA ITALIA-BRUNELLI ELISABETTA", "type": "int", "label_it": "FORZA ITALIA-BRUNELLI ELISABETTA", "label_en": "FORZA ITALIA-BRUNELLI ELISABETTA", "description_it": null, "description_en": null}, {"name": "forza_italia_campese_guido", "description": "Lista-candidato", "annotations": {}, "label": "FORZA ITALIA-CAMPESE GUIDO", "type": "int", "label_it": "FORZA ITALIA-CAMPESE GUIDO", "label_en": "FORZA ITALIA-CAMPESE GUIDO", "description_it": "Lista-candidato", "description_en": "Lista-candidato"}, {"name": "forza_italia_castaldini_valentina", "description": "Lista-candidato", "annotations": {}, "label": "FORZA ITALIA-CASTALDINI VALENTINA", "type": "int", "label_it": "FORZA ITALIA-CASTALDINI VALENTINA", "label_en": "FORZA ITALIA-CASTALDINI VALENTINA", "description_it": "Lista-candidato", "description_en": "Lista-candidato"}, {"name": "forza_italia_cesari_annamaria", "description": "Lista-candidato", "annotations": {}, "label": "FORZA ITALIA-CESARI ANNAMARIA", "type": "int", "label_it": "FORZA ITALIA-CESARI ANNAMARIA", "label_en": "FORZA ITALIA-CESARI ANNAMARIA", "description_it": "Lista-candidato", "description_en": "Lista-candidato"}, {"name": "forza_italia_fiamingo_antonio", "description": "Lista-candidato", "annotations": {}, "label": "FORZA ITALIA-FIAMINGO ANTONIO", "type": "int", "label_it": "FORZA ITALIA-FIAMINGO ANTONIO", "label_en": "FORZA ITALIA-FIAMINGO ANTONIO", "description_it": "Lista-candidato", "description_en": "Lista-candidato"}, {"name": "forza_italia_gombi_stefano", "description": "Lista-candidato", "annotations": {}, "label": "FORZA ITALIA-GOMBI STEFANO", "type": "int", "label_it": "FORZA ITALIA-GOMBI STEFANO", "label_en": "FORZA ITALIA-GOMBI STEFANO", "description_it": "Lista-candidato", "description_en": "Lista-candidato"}, {"name": "forza_italia_mei_alessandro", "description": "Lista-candidato", "annotations": {}, "label": "FORZA ITALIA-MEI ALESSANDRO", "type": "int", "label_it": "FORZA ITALIA-MEI ALESSANDRO", "label_en": "FORZA ITALIA-MEI ALESSANDRO", "description_it": "Lista-candidato", "description_en": "Lista-candidato"}, {"name": "forza_italia_merighi_natascia", "description": "Lista-candidato", "annotations": {}, "label": "FORZA ITALIA-MERIGHI NATASCIA", "type": "int", "label_it": "FORZA ITALIA-MERIGHI NATASCIA", "label_en": "FORZA ITALIA-MERIGHI NATASCIA", "description_it": "Lista-candidato", "description_en": "Lista-candidato"}, {"name": "forza_italia_seta_erika", "description": "Lista-candidato", "annotations": {}, "label": "FORZA ITALIA-SETA ERIKA", "type": "int", "label_it": "FORZA ITALIA-SETA ERIKA", "label_en": "FORZA ITALIA-SETA ERIKA", "description_it": "Lista-candidato", "description_en": "Lista-candidato"}, {"name": "forza_italia_sgarbi_vittorio", "description": "Lista-candidato", "annotations": {}, "label": "FORZA ITALIA-SGARBI VITTORIO", "type": "int", "label_it": "FORZA ITALIA-SGARBI VITTORIO", "label_en": "FORZA ITALIA-SGARBI VITTORIO", "description_it": "Lista-candidato", "description_en": "Lista-candidato"}, {"name": "forza_italia_spettoli_andrea", "description": "Lista-candidato", "annotations": {}, "label": "FORZA ITALIA-SPETTOLI ANDREA", "type": "int", "label_it": "FORZA ITALIA-SPETTOLI ANDREA", "label_en": "FORZA ITALIA-SPETTOLI ANDREA", "description_it": "Lista-candidato", "description_en": "Lista-candidato"}, {"name": "fratelli_d_italia_bizzi_roberto", "description": "Lista-candidato", "annotations": {}, "label": "FRATELLI D'ITALIA-BIZZI ROBERTO", "type": "int", "label_it": "FRATELLI D'ITALIA-BIZZI ROBERTO", "label_en": "FRATELLI D'ITALIA-BIZZI ROBERTO", "description_it": "Lista-candidato", "description_en": "Lista-candidato"}, {"name": "fratelli_d_italia_bonazzi_giovanna", "description": "Lista-candidato", "annotations": {}, "label": "FRATELLI D'ITALIA-BONAZZI GIOVANNA", "type": "int", "label_it": "FRATELLI D'ITALIA-BONAZZI GIOVANNA", "label_en": "FRATELLI D'ITALIA-BONAZZI GIOVANNA", "description_it": "Lista-candidato", "description_en": "Lista-candidato"}, {"name": "fratelli_d_italia_evangelisti_marta", "description": "Lista-candidato", "annotations": {}, "label": "FRATELLI D'ITALIA-EVANGELISTI MARTA", "type": "int", "label_it": "FRATELLI D'ITALIA-EVANGELISTI MARTA", "label_en": "FRATELLI D'ITALIA-EVANGELISTI MARTA", "description_it": "Lista-candidato", "description_en": "Lista-candidato"}, {"name": "fratelli_d_italia_fedocci_raffaele", "description": "Lista-candidato", "annotations": {}, "label": "FRATELLI D'ITALIA-FEDOCCI RAFFAELE", "type": "int", "label_it": "FRATELLI D'ITALIA-FEDOCCI RAFFAELE", "label_en": "FRATELLI D'ITALIA-FEDOCCI RAFFAELE", "description_it": "Lista-candidato", "description_en": "Lista-candidato"}, {"name": "fratelli_d_italia_lisei_marco", "description": "Lista-candidato", "annotations": {}, "label": "FRATELLI D'ITALIA-LISEI MARCO", "type": "int", "label_it": "FRATELLI D'ITALIA-LISEI MARCO", "label_en": "FRATELLI D'ITALIA-LISEI MARCO", "description_it": "Lista-candidato", "description_en": "Lista-candidato"}, {"name": "fratelli_d_italia_merli_maria_teresa", "description": "Lista-candidato", "annotations": {}, "label": "FRATELLI D'ITALIA-MERLI MARIA TERESA", "type": "int", "label_it": "FRATELLI D'ITALIA-MERLI MARIA TERESA", "label_en": "FRATELLI D'ITALIA-MERLI MARIA TERESA", "description_it": "Lista-candidato", "description_en": "Lista-candidato"}, {"name": "fratelli_d_italia_pieralli_roberto", "description": "Lista-candidato", "annotations": {}, "label": "FRATELLI D'ITALIA-PIERALLI ROBERTO", "type": "int", "label_it": "FRATELLI D'ITALIA-PIERALLI ROBERTO", "label_en": "FRATELLI D'ITALIA-PIERALLI ROBERTO", "description_it": "Lista-candidato", "description_en": "Lista-candidato"}, {"name": "fratelli_d_italia_squerzanti_elisa", "description": "Lista-candidato", "annotations": {}, "label": "FRATELLI D'ITALIA-SQUERZANTI ELISA", "type": "int", "label_it": "FRATELLI D'ITALIA-SQUERZANTI ELISA", "label_en": "FRATELLI D'ITALIA-SQUERZANTI ELISA", "description_it": "Lista-candidato", "description_en": "Lista-candidato"}, {"name": "fratelli_d_italia_tomassini_lorenzo", "description": "Lista-candidato", "annotations": {}, "label": "FRATELLI D'ITALIA-TOMASSINI LORENZO", "type": "int", "label_it": "FRATELLI D'ITALIA-TOMASSINI LORENZO", "label_en": "FRATELLI D'ITALIA-TOMASSINI LORENZO", "description_it": "Lista-candidato", "description_en": "Lista-candidato"}, {"name": "fratelli_d_italia_tosi_gianni", "description": "Lista-candidato", "annotations": {}, "label": "FRATELLI D'ITALIA-TOSI GIANNI", "type": "int", "label_it": "FRATELLI D'ITALIA-TOSI GIANNI", "label_en": "FRATELLI D'ITALIA-TOSI GIANNI", "description_it": "Lista-candidato", "description_en": "Lista-candidato"}, {"name": "fratelli_d_italia_trevisan_tiziana", "description": "Lista-candidato", "annotations": {}, "label": "FRATELLI D'ITALIA-TREVISAN TIZIANA", "type": "int", "label_it": "FRATELLI D'ITALIA-TREVISAN TIZIANA", "label_en": "FRATELLI D'ITALIA-TREVISAN TIZIANA", "description_it": "Lista-candidato", "description_en": "Lista-candidato"}, {"name": "giovani_per_l_ambiente_ardrizzini_emma", "description": null, "annotations": {}, "label": "GIOVANI PER L'AMBIENTE-ARDRIZZINI EMMA", "type": "int", "label_it": "GIOVANI PER L'AMBIENTE-ARDRIZZINI EMMA", "label_en": "GIOVANI PER L'AMBIENTE-ARDRIZZINI EMMA", "description_it": null, "description_en": null}, {"name": "giovani_per_l_ambiente_bisini_riccardo", "description": null, "annotations": {}, "label": "GIOVANI PER L'AMBIENTE-BISINI RICCARDO", "type": "int", "label_it": "GIOVANI PER L'AMBIENTE-BISINI RICCARDO", "label_en": "GIOVANI PER L'AMBIENTE-BISINI RICCARDO", "description_it": null, "description_en": null}, {"name": "giovani_per_l_ambiente_carestini_eleonora", "description": null, "annotations": {}, "label": "GIOVANI PER L'AMBIENTE-CARESTINI ELEONORA", "type": "int", "label_it": "GIOVANI PER L'AMBIENTE-CARESTINI ELEONORA", "label_en": "GIOVANI PER L'AMBIENTE-CARESTINI ELEONORA", "description_it": null, "description_en": null}, {"name": "giovani_per_l_ambiente_ciano_francesco", "description": null, "annotations": {}, "label": "GIOVANI PER L'AMBIENTE-CIANO FRANCESCO", "type": "int", "label_it": "GIOVANI PER L'AMBIENTE-CIANO FRANCESCO", "label_en": "GIOVANI PER L'AMBIENTE-CIANO FRANCESCO", "description_it": null, "description_en": null}, {"name": "giovani_per_l_ambiente_galuzzi_alessandro", "description": null, "annotations": {}, "label": "GIOVANI PER L'AMBIENTE-GALUZZI ALESSANDRO", "type": "int", "label_it": "GIOVANI PER L'AMBIENTE-GALUZZI ALESSANDRO", "label_en": "GIOVANI PER L'AMBIENTE-GALUZZI ALESSANDRO", "description_it": null, "description_en": null}, {"name": "giovani_per_l_ambiente_giugni_andrea", "description": null, "annotations": {}, "label": "GIOVANI PER L'AMBIENTE-GIUGNI ANDREA", "type": "int", "label_it": "GIOVANI PER L'AMBIENTE-GIUGNI ANDREA", "label_en": "GIOVANI PER L'AMBIENTE-GIUGNI ANDREA", "description_it": null, "description_en": null}, {"name": "giovani_per_l_ambiente_levi_margherita_isabella", "description": null, "annotations": {}, "label": "GIOVANI PER L'AMBIENTE-LEVI MARGHERITA ISABELLA", "type": "int", "label_it": "GIOVANI PER L'AMBIENTE-LEVI MARGHERITA ISABELLA", "label_en": "GIOVANI PER L'AMBIENTE-LEVI MARGHERITA ISABELLA", "description_it": null, "description_en": null}, {"name": "giovani_per_l_ambiente_papucci_elisa", "description": null, "annotations": {}, "label": "GIOVANI PER L'AMBIENTE-PAPUCCI ELISA", "type": "int", "label_it": "GIOVANI PER L'AMBIENTE-PAPUCCI ELISA", "label_en": "GIOVANI PER L'AMBIENTE-PAPUCCI ELISA", "description_it": null, "description_en": null}, {"name": "giovani_per_l_ambiente_rimondi_michele", "description": null, "annotations": {}, "label": "GIOVANI PER L'AMBIENTE-RIMONDI MICHELE", "type": "int", "label_it": "GIOVANI PER L'AMBIENTE-RIMONDI MICHELE", "label_en": "GIOVANI PER L'AMBIENTE-RIMONDI MICHELE", "description_it": null, "description_en": null}, {"name": "l_altra_emilia_romagna_addivinola_fiorenza", "description": null, "annotations": {}, "label": "L'ALTRA EMILIA-ROMAGNA-ADDIVINOLA FIORENZA", "type": "int", "label_it": "L'ALTRA EMILIA-ROMAGNA-ADDIVINOLA FIORENZA", "label_en": "L'ALTRA EMILIA-ROMAGNA-ADDIVINOLA FIORENZA", "description_it": null, "description_en": null}, {"name": "l_altra_emilia_romagna_bernardi_michela", "description": null, "annotations": {}, "label": "L'ALTRA EMILIA-ROMAGNA-BERNARDI MICHELA", "type": "int", "label_it": "L'ALTRA EMILIA-ROMAGNA-BERNARDI MICHELA", "label_en": "L'ALTRA EMILIA-ROMAGNA-BERNARDI MICHELA", "description_it": null, "description_en": null}, {"name": "l_altra_emilia_romagna_caranese_antonella", "description": null, "annotations": {}, "label": "L'ALTRA EMILIA-ROMAGNA-CARANESE ANTONELLA", "type": "int", "label_it": "L'ALTRA EMILIA-ROMAGNA-CARANESE ANTONELLA", "label_en": "L'ALTRA EMILIA-ROMAGNA-CARANESE ANTONELLA", "description_it": null, "description_en": null}, {"name": "l_altra_emilia_romagna_collina_mauro", "description": null, "annotations": {}, "label": "L'ALTRA EMILIA-ROMAGNA-COLLINA MAURO", "type": "int", "label_it": "L'ALTRA EMILIA-ROMAGNA-COLLINA MAURO", "label_en": "L'ALTRA EMILIA-ROMAGNA-COLLINA MAURO", "description_it": null, "description_en": null}, {"name": "l_altra_emilia_romagna_dante_stella_maris", "description": null, "annotations": {}, "label": "L'ALTRA EMILIA-ROMAGNA-DANTE STELLA MARIS", "type": "int", "label_it": "L'ALTRA EMILIA-ROMAGNA-DANTE STELLA MARIS", "label_en": "L'ALTRA EMILIA-ROMAGNA-DANTE STELLA MARIS", "description_it": null, "description_en": null}, {"name": "l_altra_emilia_romagna_ferrari_michele", "description": null, "annotations": {}, "label": "L'ALTRA EMILIA-ROMAGNA-FERRARI MICHELE", "type": "int", "label_it": "L'ALTRA EMILIA-ROMAGNA-FERRARI MICHELE", "label_en": "L'ALTRA EMILIA-ROMAGNA-FERRARI MICHELE", "description_it": null, "description_en": null}, {"name": "l_altra_emilia_romagna_lugli_stefano", "description": null, "annotations": {}, "label": "L'ALTRA EMILIA-ROMAGNA-LUGLI STEFANO", "type": "int", "label_it": "L'ALTRA EMILIA-ROMAGNA-LUGLI STEFANO", "label_en": "L'ALTRA EMILIA-ROMAGNA-LUGLI STEFANO", "description_it": null, "description_en": null}, {"name": "l_altra_emilia_romagna_nadalini_luciano", "description": null, "annotations": {}, "label": "L'ALTRA EMILIA-ROMAGNA-NADALINI LUCIANO", "type": "int", "label_it": "L'ALTRA EMILIA-ROMAGNA-NADALINI LUCIANO", "label_en": "L'ALTRA EMILIA-ROMAGNA-NADALINI LUCIANO", "description_it": null, "description_en": null}, {"name": "l_altra_emilia_romagna_prodi_selene", "description": null, "annotations": {}, "label": "L'ALTRA EMILIA-ROMAGNA-PRODI SELENE", "type": "int", "label_it": "L'ALTRA EMILIA-ROMAGNA-PRODI SELENE", "label_en": "L'ALTRA EMILIA-ROMAGNA-PRODI SELENE", "description_it": null, "description_en": null}, {"name": "l_altra_emilia_romagna_sparacino_francesca", "description": null, "annotations": {}, "label": "L'ALTRA EMILIA-ROMAGNA-SPARACINO FRANCESCA", "type": "int", "label_it": "L'ALTRA EMILIA-ROMAGNA-SPARACINO FRANCESCA", "label_en": "L'ALTRA EMILIA-ROMAGNA-SPARACINO FRANCESCA", "description_it": null, "description_en": null}, {"name": "l_altra_emilia_romagna_viglianti_paolo", "description": null, "annotations": {}, "label": "L'ALTRA EMILIA-ROMAGNA-VIGLIANTI PAOLO", "type": "int", "label_it": "L'ALTRA EMILIA-ROMAGNA-VIGLIANTI PAOLO", "label_en": "L'ALTRA EMILIA-ROMAGNA-VIGLIANTI PAOLO", "description_it": null, "description_en": null}, {"name": "lega_artico_fabiana", "description": null, "annotations": {}, "label": "LEGA-ARTICO FABIANA", "type": "int", "label_it": "LEGA-ARTICO FABIANA", "label_en": "LEGA-ARTICO FABIANA", "description_it": null, "description_en": null}, {"name": "lega_bacillieri_massimiliano", "description": null, "annotations": {}, "label": "LEGA-BACILLIERI MASSIMILIANO", "type": "int", "label_it": "LEGA-BACILLIERI MASSIMILIANO", "label_en": "LEGA-BACILLIERI MASSIMILIANO", "description_it": null, "description_en": null}, {"name": "lega_carapia_simone", "description": null, "annotations": {}, "label": "LEGA-CARAPIA SIMONE", "type": "int", "label_it": "LEGA-CARAPIA SIMONE", "label_en": "LEGA-CARAPIA SIMONE", "description_it": null, "description_en": null}, {"name": "lega_cavazza_luca", "description": null, "annotations": {}, "label": "LEGA-CAVAZZA LUCA", "type": "int", "label_it": "LEGA-CAVAZZA LUCA", "label_en": "LEGA-CAVAZZA LUCA", "description_it": null, "description_en": null}, {"name": "lega_cocconcelli_mirka", "description": null, "annotations": {}, "label": "LEGA-COCCONCELLI MIRKA", "type": "int", "label_it": "LEGA-COCCONCELLI MIRKA", "label_en": "LEGA-COCCONCELLI MIRKA", "description_it": null, "description_en": null}, {"name": "lega_facci_michele", "description": null, "annotations": {}, "label": "LEGA-FACCI MICHELE", "type": "int", "label_it": "LEGA-FACCI MICHELE", "label_en": "LEGA-FACCI MICHELE", "description_it": null, "description_en": null}, {"name": "lega_giorgetti_ilaria", "description": null, "annotations": {}, "label": "LEGA-GIORGETTI ILARIA", "type": "int", "label_it": "LEGA-GIORGETTI ILARIA", "label_en": "LEGA-GIORGETTI ILARIA", "description_it": null, "description_en": null}, {"name": "lega_malossi_nicolo", "description": null, "annotations": {}, "label": "LEGA-MALOSSI NICOLO'", "type": "int", "label_it": "LEGA-MALOSSI NICOLO'", "label_en": "LEGA-MALOSSI NICOLO'", "description_it": null, "description_en": null}, {"name": "lega_marchetti_daniele", "description": null, "annotations": {}, "label": "LEGA-MARCHETTI DANIELE", "type": "int", "label_it": "LEGA-MARCHETTI DANIELE", "label_en": "LEGA-MARCHETTI DANIELE", "description_it": null, "description_en": null}, {"name": "lega_scarano_paola_francesca", "description": null, "annotations": {}, "label": "LEGA-SCARANO PAOLA FRANCESCA", "type": "int", "label_it": "LEGA-SCARANO PAOLA FRANCESCA", "label_en": "LEGA-SCARANO PAOLA FRANCESCA", "description_it": null, "description_en": null}, {"name": "lega_togni_clementoni_eleonora", "description": null, "annotations": {}, "label": "LEGA-TOGNI CLEMENTONI ELEONORA", "type": "int", "label_it": "LEGA-TOGNI CLEMENTONI ELEONORA", "label_en": "LEGA-TOGNI CLEMENTONI ELEONORA", "description_it": null, "description_en": null}, {"name": "movimento_3v_vaccini_vogliamo_verita_battaglia_domenico", "description": null, "annotations": {}, "label": "MOVIMENTO 3V VACCINI VOGLIAMO VERITA'-BATTAGLIA DOMENICO", "type": "int", "label_it": "MOVIMENTO 3V VACCINI VOGLIAMO VERITA'-BATTAGLIA DOMENICO", "label_en": "MOVIMENTO 3V VACCINI VOGLIAMO VERITA'-BATTAGLIA DOMENICO", "description_it": null, "description_en": null}, {"name": "movimento_3v_vaccini_vogliamo_verita_crotti_andrea", "description": null, "annotations": {}, "label": "MOVIMENTO 3V VACCINI VOGLIAMO VERITA'-CROTTI ANDREA", "type": "int", "label_it": "MOVIMENTO 3V VACCINI VOGLIAMO VERITA'-CROTTI ANDREA", "label_en": "MOVIMENTO 3V VACCINI VOGLIAMO VERITA'-CROTTI ANDREA", "description_it": null, "description_en": null}, {"name": "movimento_3v_vaccini_vogliamo_verita_d_onofrio_cristina", "description": null, "annotations": {}, "label": "MOVIMENTO 3V VACCINI VOGLIAMO VERITA'-D'ONOFRIO CRISTINA", "type": "int", "label_it": "MOVIMENTO 3V VACCINI VOGLIAMO VERITA'-D'ONOFRIO CRISTINA", "label_en": "MOVIMENTO 3V VACCINI VOGLIAMO VERITA'-D'ONOFRIO CRISTINA", "description_it": null, "description_en": null}, {"name": "movimento_3v_vaccini_vogliamo_verita_donati_donatella", "description": null, "annotations": {}, "label": "MOVIMENTO 3V VACCINI VOGLIAMO VERITA'-DONATI DONATELLA", "type": "int", "label_it": "MOVIMENTO 3V VACCINI VOGLIAMO VERITA'-DONATI DONATELLA", "label_en": "MOVIMENTO 3V VACCINI VOGLIAMO VERITA'-DONATI DONATELLA", "description_it": null, "description_en": null}, {"name": "movimento_3v_vaccini_vogliamo_verita_franceschetto_massimo", "description": null, "annotations": {}, "label": "MOVIMENTO 3V VACCINI VOGLIAMO VERITA'-FRANCESCHETTO MASSIMO", "type": "int", "label_it": "MOVIMENTO 3V VACCINI VOGLIAMO VERITA'-FRANCESCHETTO MASSIMO", "label_en": "MOVIMENTO 3V VACCINI VOGLIAMO VERITA'-FRANCESCHETTO MASSIMO", "description_it": null, "description_en": null}, {"name": "movimento_3v_vaccini_vogliamo_verita_motta_lorenzo", "description": null, "annotations": {}, "label": "MOVIMENTO 3V VACCINI VOGLIAMO VERITA'-MOTTA LORENZO", "type": "int", "label_it": "MOVIMENTO 3V VACCINI VOGLIAMO VERITA'-MOTTA LORENZO", "label_en": "MOVIMENTO 3V VACCINI VOGLIAMO VERITA'-MOTTA LORENZO", "description_it": null, "description_en": null}, {"name": "movimento_3v_vaccini_vogliamo_verita_patacchiola_delia", "description": null, "annotations": {}, "label": "MOVIMENTO 3V VACCINI VOGLIAMO VERITA'-PATACCHIOLA DELIA", "type": "int", "label_it": "MOVIMENTO 3V VACCINI VOGLIAMO VERITA'-PATACCHIOLA DELIA", "label_en": "MOVIMENTO 3V VACCINI VOGLIAMO VERITA'-PATACCHIOLA DELIA", "description_it": null, "description_en": null}, {"name": "movimento_3v_vaccini_vogliamo_verita_pecorari_eliana", "description": null, "annotations": {}, "label": "MOVIMENTO 3V VACCINI VOGLIAMO VERITA'-PECORARI ELIANA", "type": "int", "label_it": "MOVIMENTO 3V VACCINI VOGLIAMO VERITA'-PECORARI ELIANA", "label_en": "MOVIMENTO 3V VACCINI VOGLIAMO VERITA'-PECORARI ELIANA", "description_it": null, "description_en": null}, {"name": "movimento_3v_vaccini_vogliamo_verita_perrino_pietro", "description": null, "annotations": {}, "label": "MOVIMENTO 3V VACCINI VOGLIAMO VERITA'-PERRINO PIETRO", "type": "int", "label_it": "MOVIMENTO 3V VACCINI VOGLIAMO VERITA'-PERRINO PIETRO", "label_en": "MOVIMENTO 3V VACCINI VOGLIAMO VERITA'-PERRINO PIETRO", "description_it": null, "description_en": null}, {"name": "movimento_3v_vaccini_vogliamo_verita_tanzarella_grazia", "description": null, "annotations": {}, "label": "MOVIMENTO 3V VACCINI VOGLIAMO VERITA'-TANZARELLA GRAZIA", "type": "int", "label_it": "MOVIMENTO 3V VACCINI VOGLIAMO VERITA'-TANZARELLA GRAZIA", "label_en": "MOVIMENTO 3V VACCINI VOGLIAMO VERITA'-TANZARELLA GRAZIA", "description_it": null, "description_en": null}, {"name": "movimento_3v_vaccini_vogliamo_verita_teodori_luca", "description": null, "annotations": {}, "label": "MOVIMENTO 3V VACCINI VOGLIAMO VERITA'-TEODORI LUCA", "type": "int", "label_it": "MOVIMENTO 3V VACCINI VOGLIAMO VERITA'-TEODORI LUCA", "label_en": "MOVIMENTO 3V VACCINI VOGLIAMO VERITA'-TEODORI LUCA", "description_it": null, "description_en": null}, {"name": "movimento_5_stelle_baraccani_daniele", "description": null, "annotations": {}, "label": "MOVIMENTO 5 STELLE-BARACCANI DANIELE", "type": "int", "label_it": "MOVIMENTO 5 STELLE-BARACCANI DANIELE", "label_en": "MOVIMENTO 5 STELLE-BARACCANI DANIELE", "description_it": null, "description_en": null}, {"name": "movimento_5_stelle_bettiol_katia", "description": null, "annotations": {}, "label": "MOVIMENTO 5 STELLE-BETTIOL KATIA", "type": "int", "label_it": "MOVIMENTO 5 STELLE-BETTIOL KATIA", "label_en": "MOVIMENTO 5 STELLE-BETTIOL KATIA", "description_it": null, "description_en": null}, {"name": "movimento_5_stelle_campanini_marco", "description": null, "annotations": {}, "label": "MOVIMENTO 5 STELLE-CAMPANINI MARCO", "type": "int", "label_it": "MOVIMENTO 5 STELLE-CAMPANINI MARCO", "label_en": "MOVIMENTO 5 STELLE-CAMPANINI MARCO", "description_it": null, "description_en": null}, {"name": "movimento_5_stelle_cattani_michele", "description": null, "annotations": {}, "label": "MOVIMENTO 5 STELLE-CATTANI MICHELE", "type": "int", "label_it": "MOVIMENTO 5 STELLE-CATTANI MICHELE", "label_en": "MOVIMENTO 5 STELLE-CATTANI MICHELE", "description_it": null, "description_en": null}, {"name": "movimento_5_stelle_gamberini_raffaella", "description": null, "annotations": {}, "label": "MOVIMENTO 5 STELLE-GAMBERINI RAFFAELLA", "type": "int", "label_it": "MOVIMENTO 5 STELLE-GAMBERINI RAFFAELLA", "label_en": "MOVIMENTO 5 STELLE-GAMBERINI RAFFAELLA", "description_it": null, "description_en": null}, {"name": "movimento_5_stelle_mengoni_alberto", "description": null, "annotations": {}, "label": "MOVIMENTO 5 STELLE-MENGONI ALBERTO", "type": "int", "label_it": "MOVIMENTO 5 STELLE-MENGONI ALBERTO", "label_en": "MOVIMENTO 5 STELLE-MENGONI ALBERTO", "description_it": null, "description_en": null}, {"name": "movimento_5_stelle_palumbo_giacomo", "description": null, "annotations": {}, "label": "MOVIMENTO 5 STELLE-PALUMBO GIACOMO", "type": "int", "label_it": "MOVIMENTO 5 STELLE-PALUMBO GIACOMO", "label_en": "MOVIMENTO 5 STELLE-PALUMBO GIACOMO", "description_it": null, "description_en": null}, {"name": "movimento_5_stelle_piccinini_silvia", "description": null, "annotations": {}, "label": "MOVIMENTO 5 STELLE-PICCININI SILVIA", "type": "int", "label_it": "MOVIMENTO 5 STELLE-PICCININI SILVIA", "label_en": "MOVIMENTO 5 STELLE-PICCININI SILVIA", "description_it": null, "description_en": null}, {"name": "movimento_5_stelle_ricucci_marilena", "description": null, "annotations": {}, "label": "MOVIMENTO 5 STELLE-RICUCCI MARILENA", "type": "int", "label_it": "MOVIMENTO 5 STELLE-RICUCCI MARILENA", "label_en": "MOVIMENTO 5 STELLE-RICUCCI MARILENA", "description_it": null, "description_en": null}, {"name": "movimento_5_stelle_urbano_francesco", "description": null, "annotations": {}, "label": "MOVIMENTO 5 STELLE-URBANO FRANCESCO", "type": "int", "label_it": "MOVIMENTO 5 STELLE-URBANO FRANCESCO", "label_en": "MOVIMENTO 5 STELLE-URBANO FRANCESCO", "description_it": null, "description_en": null}, {"name": "movimento_5_stelle_zauli_silvia", "description": null, "annotations": {}, "label": "MOVIMENTO 5 STELLE-ZAULI SILVIA", "type": "int", "label_it": "MOVIMENTO 5 STELLE-ZAULI SILVIA", "label_en": "MOVIMENTO 5 STELLE-ZAULI SILVIA", "description_it": null, "description_en": null}, {"name": "partito_comunista_bongiovanni_sara", "description": null, "annotations": {}, "label": "PARTITO COMUNISTA-BONGIOVANNI SARA", "type": "int", "label_it": "PARTITO COMUNISTA-BONGIOVANNI SARA", "label_en": "PARTITO COMUNISTA-BONGIOVANNI SARA", "description_it": null, "description_en": null}, {"name": "partito_comunista_cappello_giulia", "description": null, "annotations": {}, "label": "PARTITO COMUNISTA-CAPPELLO GIULIA", "type": "int", "label_it": "PARTITO COMUNISTA-CAPPELLO GIULIA", "label_en": "PARTITO COMUNISTA-CAPPELLO GIULIA", "description_it": null, "description_en": null}, {"name": "partito_comunista_casulli_giuseppe", "description": null, "annotations": {}, "label": "PARTITO COMUNISTA-CASULLI GIUSEPPE", "type": "int", "label_it": "PARTITO COMUNISTA-CASULLI GIUSEPPE", "label_en": "PARTITO COMUNISTA-CASULLI GIUSEPPE", "description_it": null, "description_en": null}, {"name": "partito_comunista_masperi_marcella", "description": null, "annotations": {}, "label": "PARTITO COMUNISTA-MASPERI MARCELLA", "type": "int", "label_it": "PARTITO COMUNISTA-MASPERI MARCELLA", "label_en": "PARTITO COMUNISTA-MASPERI MARCELLA", "description_it": null, "description_en": null}, {"name": "partito_comunista_michelini_christian", "description": null, "annotations": {}, "label": "PARTITO COMUNISTA-MICHELINI CHRISTIAN", "type": "int", "label_it": "PARTITO COMUNISTA-MICHELINI CHRISTIAN", "label_en": "PARTITO COMUNISTA-MICHELINI CHRISTIAN", "description_it": null, "description_en": null}, {"name": "partito_comunista_montanari_matteo", "description": null, "annotations": {}, "label": "PARTITO COMUNISTA-MONTANARI MATTEO", "type": "int", "label_it": "PARTITO COMUNISTA-MONTANARI MATTEO", "label_en": "PARTITO COMUNISTA-MONTANARI MATTEO", "description_it": null, "description_en": null}, {"name": "partito_comunista_morichetti_federico", "description": null, "annotations": {}, "label": "PARTITO COMUNISTA-MORICHETTI FEDERICO", "type": "int", "label_it": "PARTITO COMUNISTA-MORICHETTI FEDERICO", "label_en": "PARTITO COMUNISTA-MORICHETTI FEDERICO", "description_it": null, "description_en": null}, {"name": "partito_comunista_pasini_luca", "description": null, "annotations": {}, "label": "PARTITO COMUNISTA-PASINI LUCA", "type": "int", "label_it": "PARTITO COMUNISTA-PASINI LUCA", "label_en": "PARTITO COMUNISTA-PASINI LUCA", "description_it": null, "description_en": null}, {"name": "partito_comunista_romagnoli_sarah", "description": null, "annotations": {}, "label": "PARTITO COMUNISTA-ROMAGNOLI SARAH", "type": "int", "label_it": "PARTITO COMUNISTA-ROMAGNOLI SARAH", "label_en": "PARTITO COMUNISTA-ROMAGNOLI SARAH", "description_it": null, "description_en": null}, {"name": "partito_democratico_caliandro_stefano", "description": null, "annotations": {}, "label": "PARTITO DEMOCRATICO-CALIANDRO STEFANO", "type": "int", "label_it": "PARTITO DEMOCRATICO-CALIANDRO STEFANO", "label_en": "PARTITO DEMOCRATICO-CALIANDRO STEFANO", "description_it": null, "description_en": null}, {"name": "partito_democratico_de_giacomi_giorgia", "description": null, "annotations": {}, "label": "PARTITO DEMOCRATICO-DE GIACOMI GIORGIA", "type": "int", "label_it": "PARTITO DEMOCRATICO-DE GIACOMI GIORGIA", "label_en": "PARTITO DEMOCRATICO-DE GIACOMI GIORGIA", "description_it": null, "description_en": null}, {"name": "partito_democratico_donini_raffaele", "description": null, "annotations": {}, "label": "PARTITO DEMOCRATICO-DONINI RAFFAELE", "type": "int", "label_it": "PARTITO DEMOCRATICO-DONINI RAFFAELE", "label_en": "PARTITO DEMOCRATICO-DONINI RAFFAELE", "description_it": null, "description_en": null}, {"name": "partito_democratico_franchi_romano", "description": null, "annotations": {}, "label": "PARTITO DEMOCRATICO-FRANCHI ROMANO", "type": "int", "label_it": "PARTITO DEMOCRATICO-FRANCHI ROMANO", "label_en": "PARTITO DEMOCRATICO-FRANCHI ROMANO", "description_it": null, "description_en": null}, {"name": "partito_democratico_gaggioli_elena", "description": null, "annotations": {}, "label": "PARTITO DEMOCRATICO-GAGGIOLI ELENA", "type": "int", "label_it": "PARTITO DEMOCRATICO-GAGGIOLI ELENA", "label_en": "PARTITO DEMOCRATICO-GAGGIOLI ELENA", "description_it": null, "description_en": null}, {"name": "partito_democratico_marchetti_francesca", "description": null, "annotations": {}, "label": "PARTITO DEMOCRATICO-MARCHETTI FRANCESCA", "type": "int", "label_it": "PARTITO DEMOCRATICO-MARCHETTI FRANCESCA", "label_en": "PARTITO DEMOCRATICO-MARCHETTI FRANCESCA", "description_it": null, "description_en": null}, {"name": "partito_democratico_mumolo_antonio", "description": null, "annotations": {}, "label": "PARTITO DEMOCRATICO-MUMOLO ANTONIO", "type": "int", "label_it": "PARTITO DEMOCRATICO-MUMOLO ANTONIO", "label_en": "PARTITO DEMOCRATICO-MUMOLO ANTONIO", "description_it": null, "description_en": null}, {"name": "partito_democratico_paruolo_giuseppe", "description": null, "annotations": {}, "label": "PARTITO DEMOCRATICO-PARUOLO GIUSEPPE", "type": "int", "label_it": "PARTITO DEMOCRATICO-PARUOLO GIUSEPPE", "label_en": "PARTITO DEMOCRATICO-PARUOLO GIUSEPPE", "description_it": null, "description_en": null}, {"name": "partito_democratico_pillati_marilena", "description": null, "annotations": {}, "label": "PARTITO DEMOCRATICO-PILLATI MARILENA", "type": "int", "label_it": "PARTITO DEMOCRATICO-PILLATI MARILENA", "label_en": "PARTITO DEMOCRATICO-PILLATI MARILENA", "description_it": null, "description_en": null}, {"name": "partito_democratico_raimondi_raffaella", "description": null, "annotations": {}, "label": "PARTITO DEMOCRATICO-RAIMONDI RAFFAELLA", "type": "int", "label_it": "PARTITO DEMOCRATICO-RAIMONDI RAFFAELLA", "label_en": "PARTITO DEMOCRATICO-RAIMONDI RAFFAELLA", "description_it": null, "description_en": null}, {"name": "partito_democratico_tonelli_giorgio", "description": null, "annotations": {}, "label": "PARTITO DEMOCRATICO-TONELLI GIORGIO", "type": "int", "label_it": "PARTITO DEMOCRATICO-TONELLI GIORGIO", "label_en": "PARTITO DEMOCRATICO-TONELLI GIORGIO", "description_it": null, "description_en": null}, {"name": "piu_europa_psi_pri_caniglia_roberto", "description": null, "annotations": {}, "label": "PIU' EUROPA - PSI - PRI-CANIGLIA ROBERTO", "type": "int", "label_it": "PIU' EUROPA - PSI - PRI-CANIGLIA ROBERTO", "label_en": "PIU' EUROPA - PSI - PRI-CANIGLIA ROBERTO", "description_it": null, "description_en": null}, {"name": "piu_europa_psi_pri_carnevale_carmela", "description": null, "annotations": {}, "label": "PIU' EUROPA - PSI - PRI-CARNEVALE CARMELA", "type": "int", "label_it": "PIU' EUROPA - PSI - PRI-CARNEVALE CARMELA", "label_en": "PIU' EUROPA - PSI - PRI-CARNEVALE CARMELA", "description_it": null, "description_en": null}, {"name": "piu_europa_psi_pri_cazzola_giuliano", "description": null, "annotations": {}, "label": "PIU' EUROPA - PSI - PRI-CAZZOLA GIULIANO", "type": "int", "label_it": "PIU' EUROPA - PSI - PRI-CAZZOLA GIULIANO", "label_en": "PIU' EUROPA - PSI - PRI-CAZZOLA GIULIANO", "description_it": null, "description_en": null}, {"name": "piu_europa_psi_pri_durante_nicoletta", "description": null, "annotations": {}, "label": "PIU' EUROPA - PSI - PRI-DURANTE NICOLETTA", "type": "int", "label_it": "PIU' EUROPA - PSI - PRI-DURANTE NICOLETTA", "label_en": "PIU' EUROPA - PSI - PRI-DURANTE NICOLETTA", "description_it": null, "description_en": null}, {"name": "piu_europa_psi_pri_gentilini_sara", "description": null, "annotations": {}, "label": "PIU' EUROPA - PSI - PRI-GENTILINI SARA", "type": "int", "label_it": "PIU' EUROPA - PSI - PRI-GENTILINI SARA", "label_en": "PIU' EUROPA - PSI - PRI-GENTILINI SARA", "description_it": null, "description_en": null}, {"name": "piu_europa_psi_pri_landucci_marco", "description": null, "annotations": {}, "label": "PIU' EUROPA - PSI - PRI-LANDUCCI MARCO", "type": "int", "label_it": "PIU' EUROPA - PSI - PRI-LANDUCCI MARCO", "label_en": "PIU' EUROPA - PSI - PRI-LANDUCCI MARCO", "description_it": null, "description_en": null}, {"name": "piu_europa_psi_pri_macedonio_arcangelo", "description": null, "annotations": {}, "label": "PIU' EUROPA - PSI - PRI-MACEDONIO ARCANGELO", "type": "int", "label_it": "PIU' EUROPA - PSI - PRI-MACEDONIO ARCANGELO", "label_en": "PIU' EUROPA - PSI - PRI-MACEDONIO ARCANGELO", "description_it": null, "description_en": null}, {"name": "piu_europa_psi_pri_migliaccio_tommaso", "description": null, "annotations": {}, "label": "PIU' EUROPA - PSI - PRI-MIGLIACCIO TOMMASO", "type": "int", "label_it": "PIU' EUROPA - PSI - PRI-MIGLIACCIO TOMMASO", "label_en": "PIU' EUROPA - PSI - PRI-MIGLIACCIO TOMMASO", "description_it": null, "description_en": null}, {"name": "piu_europa_psi_pri_monterisi_sabrina", "description": null, "annotations": {}, "label": "PIU' EUROPA - PSI - PRI-MONTERISI SABRINA", "type": "int", "label_it": "PIU' EUROPA - PSI - PRI-MONTERISI SABRINA", "label_en": "PIU' EUROPA - PSI - PRI-MONTERISI SABRINA", "description_it": null, "description_en": null}, {"name": "piu_europa_psi_pri_saibante_valentina", "description": null, "annotations": {}, "label": "PIU' EUROPA - PSI - PRI-SAIBANTE VALENTINA", "type": "int", "label_it": "PIU' EUROPA - PSI - PRI-SAIBANTE VALENTINA", "label_en": "PIU' EUROPA - PSI - PRI-SAIBANTE VALENTINA", "description_it": null, "description_en": null}, {"name": "piu_europa_psi_pri_vallisneri_silvia", "description": null, "annotations": {}, "label": "PIU' EUROPA - PSI - PRI-VALLISNERI SILVIA", "type": "int", "label_it": "PIU' EUROPA - PSI - PRI-VALLISNERI SILVIA", "label_en": "PIU' EUROPA - PSI - PRI-VALLISNERI SILVIA", "description_it": null, "description_en": null}, {"name": "potere_al_popolo_bernardi_alessandro", "description": null, "annotations": {}, "label": "POTERE AL POPOLO-BERNARDI ALESSANDRO", "type": "int", "label_it": "POTERE AL POPOLO-BERNARDI ALESSANDRO", "label_en": "POTERE AL POPOLO-BERNARDI ALESSANDRO", "description_it": null, "description_en": null}, {"name": "potere_al_popolo_cenni_ilaria", "description": null, "annotations": {}, "label": "POTERE AL POPOLO-CENNI ILARIA", "type": "int", "label_it": "POTERE AL POPOLO-CENNI ILARIA", "label_en": "POTERE AL POPOLO-CENNI ILARIA", "description_it": null, "description_en": null}, {"name": "potere_al_popolo_nanni_matteo", "description": null, "annotations": {}, "label": "POTERE AL POPOLO-NANNI MATTEO", "type": "int", "label_it": "POTERE AL POPOLO-NANNI MATTEO", "label_en": "POTERE AL POPOLO-NANNI MATTEO", "description_it": null, "description_en": null}, {"name": "potere_al_popolo_odorici_marco", "description": null, "annotations": {}, "label": "POTERE AL POPOLO-ODORICI MARCO", "type": "int", "label_it": "POTERE AL POPOLO-ODORICI MARCO", "label_en": "POTERE AL POPOLO-ODORICI MARCO", "description_it": null, "description_en": null}, {"name": "potere_al_popolo_piccinini_lorenzo", "description": null, "annotations": {}, "label": "POTERE AL POPOLO-PICCININI LORENZO", "type": "int", "label_it": "POTERE AL POPOLO-PICCININI LORENZO", "label_en": "POTERE AL POPOLO-PICCININI LORENZO", "description_it": null, "description_en": null}, {"name": "potere_al_popolo_tognoni_debora", "description": null, "annotations": {}, "label": "POTERE AL POPOLO-TOGNONI DEBORA", "type": "int", "label_it": "POTERE AL POPOLO-TOGNONI DEBORA", "label_en": "POTERE AL POPOLO-TOGNONI DEBORA", "description_it": null, "description_en": null}, {"name": "potere_al_popolo_trapani_lorenzo", "description": null, "annotations": {}, "label": "POTERE AL POPOLO-TRAPANI LORENZO", "type": "int", "label_it": "POTERE AL POPOLO-TRAPANI LORENZO", "label_en": "POTERE AL POPOLO-TRAPANI LORENZO", "description_it": null, "description_en": null}, {"name": "potere_al_popolo_valgimigli_edgarda", "description": null, "annotations": {}, "label": "POTERE AL POPOLO-VALGIMIGLI EDGARDA", "type": "int", "label_it": "POTERE AL POPOLO-VALGIMIGLI EDGARDA", "label_en": "POTERE AL POPOLO-VALGIMIGLI EDGARDA", "description_it": null, "description_en": null}, {"name": "potere_al_popolo_via_maria_rachele", "description": null, "annotations": {}, "label": "POTERE AL POPOLO-VIA MARIA RACHELE", "type": "int", "label_it": "POTERE AL POPOLO-VIA MARIA RACHELE", "label_en": "POTERE AL POPOLO-VIA MARIA RACHELE", "description_it": null, "description_en": null}, {"name": "progetto_emilia_romagna_rete_civica_borgonzoni_presidente_bulgarelli_stefano", "description": null, "annotations": {}, "label": "PROGETTO EMILIA-ROMAGNA RETE CIVICA BORGONZONI PRESIDENTE-BULGARELLI STEFANO", "type": "int", "label_it": "PROGETTO EMILIA-ROMAGNA RETE CIVICA BORGONZONI PRESIDENTE-BULGARELLI STEFANO", "label_en": "PROGETTO EMILIA-ROMAGNA RETE CIVICA BORGONZONI PRESIDENTE-BULGARELLI STEFANO", "description_it": null, "description_en": null}, {"name": "progetto_emilia_romagna_rete_civica_borgonzoni_presidente_buscaroli_beatrice", "description": null, "annotations": {}, "label": "PROGETTO EMILIA-ROMAGNA RETE CIVICA BORGONZONI PRESIDENTE-BUSCAROLI BEATRICE", "type": "int", "label_it": "PROGETTO EMILIA-ROMAGNA RETE CIVICA BORGONZONI PRESIDENTE-BUSCAROLI BEATRICE", "label_en": "PROGETTO EMILIA-ROMAGNA RETE CIVICA BORGONZONI PRESIDENTE-BUSCAROLI BEATRICE", "description_it": null, "description_en": null}, {"name": "progetto_emilia_romagna_rete_civica_borgonzoni_presidente_carbone_alessio", "description": null, "annotations": {}, "label": "PROGETTO EMILIA-ROMAGNA RETE CIVICA BORGONZONI PRESIDENTE-CARBONE ALESSIO", "type": "int", "label_it": "PROGETTO EMILIA-ROMAGNA RETE CIVICA BORGONZONI PRESIDENTE-CARBONE ALESSIO", "label_en": "PROGETTO EMILIA-ROMAGNA RETE CIVICA BORGONZONI PRESIDENTE-CARBONE ALESSIO", "description_it": null, "description_en": null}, {"name": "progetto_emilia_romagna_rete_civica_borgonzoni_presidente_celloni_sergio", "description": null, "annotations": {}, "label": "PROGETTO EMILIA-ROMAGNA RETE CIVICA BORGONZONI PRESIDENTE-CELLONI SERGIO", "type": "int", "label_it": "PROGETTO EMILIA-ROMAGNA RETE CIVICA BORGONZONI PRESIDENTE-CELLONI SERGIO", "label_en": "PROGETTO EMILIA-ROMAGNA RETE CIVICA BORGONZONI PRESIDENTE-CELLONI SERGIO", "description_it": null, "description_en": null}, {"name": "progetto_emilia_romagna_rete_civica_borgonzoni_presidente_donini_luana", "description": null, "annotations": {}, "label": "PROGETTO EMILIA-ROMAGNA RETE CIVICA BORGONZONI PRESIDENTE-DONINI LUANA", "type": "int", "label_it": "PROGETTO EMILIA-ROMAGNA RETE CIVICA BORGONZONI PRESIDENTE-DONINI LUANA", "label_en": "PROGETTO EMILIA-ROMAGNA RETE CIVICA BORGONZONI PRESIDENTE-DONINI LUANA", "description_it": null, "description_en": null}, {"name": "progetto_emilia_romagna_rete_civica_borgonzoni_presidente_giordano_arianna", "description": null, "annotations": {}, "label": "PROGETTO EMILIA-ROMAGNA RETE CIVICA BORGONZONI PRESIDENTE-GIORDANO ARIANNA", "type": "int", "label_it": "PROGETTO EMILIA-ROMAGNA RETE CIVICA BORGONZONI PRESIDENTE-GIORDANO ARIANNA", "label_en": "PROGETTO EMILIA-ROMAGNA RETE CIVICA BORGONZONI PRESIDENTE-GIORDANO ARIANNA", "description_it": null, "description_en": null}, {"name": "progetto_emilia_romagna_rete_civica_borgonzoni_presidente_lodi_barbara", "description": null, "annotations": {}, "label": "PROGETTO EMILIA-ROMAGNA RETE CIVICA BORGONZONI PRESIDENTE-LODI BARBARA", "type": "int", "label_it": "PROGETTO EMILIA-ROMAGNA RETE CIVICA BORGONZONI PRESIDENTE-LODI BARBARA", "label_en": "PROGETTO EMILIA-ROMAGNA RETE CIVICA BORGONZONI PRESIDENTE-LODI BARBARA", "description_it": null, "description_en": null}, {"name": "progetto_emilia_romagna_rete_civica_borgonzoni_presidente_mastacchi_marco", "description": null, "annotations": {}, "label": "PROGETTO EMILIA-ROMAGNA RETE CIVICA BORGONZONI PRESIDENTE-MASTACCHI  MARCO", "type": "int", "label_it": "PROGETTO EMILIA-ROMAGNA RETE CIVICA BORGONZONI PRESIDENTE-MASTACCHI  MARCO", "label_en": "PROGETTO EMILIA-ROMAGNA RETE CIVICA BORGONZONI PRESIDENTE-MASTACCHI  MARCO", "description_it": null, "description_en": null}, {"name": "progetto_emilia_romagna_rete_civica_borgonzoni_presidente_perrucci_angela", "description": null, "annotations": {}, "label": "PROGETTO EMILIA-ROMAGNA RETE CIVICA BORGONZONI PRESIDENTE-PERRUCCI ANGELA", "type": "int", "label_it": "PROGETTO EMILIA-ROMAGNA RETE CIVICA BORGONZONI PRESIDENTE-PERRUCCI ANGELA", "label_en": "PROGETTO EMILIA-ROMAGNA RETE CIVICA BORGONZONI PRESIDENTE-PERRUCCI ANGELA", "description_it": null, "description_en": null}, {"name": "progetto_emilia_romagna_rete_civica_borgonzoni_presidente_tonelli_andrea", "description": null, "annotations": {}, "label": "PROGETTO EMILIA-ROMAGNA RETE CIVICA BORGONZONI PRESIDENTE-TONELLI ANDREA", "type": "int", "label_it": "PROGETTO EMILIA-ROMAGNA RETE CIVICA BORGONZONI PRESIDENTE-TONELLI ANDREA", "label_en": "PROGETTO EMILIA-ROMAGNA RETE CIVICA BORGONZONI PRESIDENTE-TONELLI ANDREA", "description_it": null, "description_en": null}, {"name": "progetto_emilia_romagna_rete_civica_borgonzoni_presidente_venturi_giulio", "description": null, "annotations": {}, "label": "PROGETTO EMILIA-ROMAGNA RETE CIVICA BORGONZONI PRESIDENTE-VENTURI GIULIO", "type": "int", "label_it": "PROGETTO EMILIA-ROMAGNA RETE CIVICA BORGONZONI PRESIDENTE-VENTURI GIULIO", "label_en": "PROGETTO EMILIA-ROMAGNA RETE CIVICA BORGONZONI PRESIDENTE-VENTURI GIULIO", "description_it": null, "description_en": null}, {"name": "volt_emilia_romagna_baldazzi_gillo", "description": null, "annotations": {}, "label": "VOLT EMILIA-ROMAGNA-BALDAZZI GILLO", "type": "int", "label_it": "VOLT EMILIA-ROMAGNA-BALDAZZI GILLO", "label_en": "VOLT EMILIA-ROMAGNA-BALDAZZI GILLO", "description_it": null, "description_en": null}, {"name": "volt_emilia_romagna_guareschi_marianna", "description": null, "annotations": {}, "label": "VOLT EMILIA-ROMAGNA-GUARESCHI MARIANNA", "type": "int", "label_it": "VOLT EMILIA-ROMAGNA-GUARESCHI MARIANNA", "label_en": "VOLT EMILIA-ROMAGNA-GUARESCHI MARIANNA", "description_it": null, "description_en": null}, {"name": "volt_emilia_romagna_ippolito_margherita", "description": null, "annotations": {}, "label": "VOLT EMILIA-ROMAGNA-IPPOLITO MARGHERITA", "type": "int", "label_it": "VOLT EMILIA-ROMAGNA-IPPOLITO MARGHERITA", "label_en": "VOLT EMILIA-ROMAGNA-IPPOLITO MARGHERITA", "description_it": null, "description_en": null}, {"name": "volt_emilia_romagna_lima_alessandro", "description": null, "annotations": {}, "label": "VOLT EMILIA-ROMAGNA-LIMA ALESSANDRO", "type": "int", "label_it": "VOLT EMILIA-ROMAGNA-LIMA ALESSANDRO", "label_en": "VOLT EMILIA-ROMAGNA-LIMA ALESSANDRO", "description_it": null, "description_en": null}, {"name": "volt_emilia_romagna_pagliari_anna", "description": null, "annotations": {}, "label": "VOLT EMILIA-ROMAGNA-PAGLIARI ANNA", "type": "int", "label_it": "VOLT EMILIA-ROMAGNA-PAGLIARI ANNA", "label_en": "VOLT EMILIA-ROMAGNA-PAGLIARI ANNA", "description_it": null, "description_en": null}, {"name": "volt_emilia_romagna_pedrelli_giulia", "description": null, "annotations": {}, "label": "VOLT EMILIA-ROMAGNA-PEDRELLI GIULIA", "type": "int", "label_it": "VOLT EMILIA-ROMAGNA-PEDRELLI GIULIA", "label_en": "VOLT EMILIA-ROMAGNA-PEDRELLI GIULIA", "description_it": null, "description_en": null}, {"name": "volt_emilia_romagna_pellone_stefano", "description": null, "annotations": {}, "label": "VOLT EMILIA-ROMAGNA-PELLONE STEFANO", "type": "int", "label_it": "VOLT EMILIA-ROMAGNA-PELLONE STEFANO", "label_en": "VOLT EMILIA-ROMAGNA-PELLONE STEFANO", "description_it": null, "description_en": null}, {"name": "volt_emilia_romagna_saltarelli_marcello", "description": null, "annotations": {}, "label": "VOLT EMILIA-ROMAGNA-SALTARELLI MARCELLO", "type": "int", "label_it": "VOLT EMILIA-ROMAGNA-SALTARELLI MARCELLO", "label_en": "VOLT EMILIA-ROMAGNA-SALTARELLI MARCELLO", "description_it": null, "description_en": null}, {"name": "volt_emilia_romagna_vignetti_arianna", "description": null, "annotations": {}, "label": "VOLT EMILIA-ROMAGNA-VIGNETTI ARIANNA", "type": "int", "label_it": "VOLT EMILIA-ROMAGNA-VIGNETTI ARIANNA", "label_en": "VOLT EMILIA-ROMAGNA-VIGNETTI ARIANNA", "description_it": null, "description_en": null}, {"name": "volt_emilia_romagna_vuocolo_francesco", "description": null, "annotations": {}, "label": "VOLT EMILIA-ROMAGNA-VUOCOLO FRANCESCO", "type": "int", "label_it": "VOLT EMILIA-ROMAGNA-VUOCOLO FRANCESCO", "label_en": "VOLT EMILIA-ROMAGNA-VUOCOLO FRANCESCO", "description_it": null, "description_en": null}, {"name": "totale", "description": null, "annotations": {}, "label": "Totale", "type": "int", "label_it": "Totale", "label_en": "Totale", "description_it": null, "description_en": null}], "metas": {"dcat": {"created": null, "issued": null, "creator": "Comune di Bologna", "contributor": null, "contact_name": "Ufficio Dati e Open Data", "contact_email": "opendata@comune.bologna.it", "accrualperiodicity": "http://publications.europa.eu/resource/authority/frequency/NEVER", "spatial": null, "temporal": null, "granularity": null, "dataquality": null, "publisher_type": null, "conforms_to": null, "temporal_coverage_start": null, "temporal_coverage_end": null, "accessRights": null, "relation": null}, "semantic": {"rml_mapping": null, "classes": null, "properties": null}, "dcat_ap_it": {"publisher_id": null}, "default": {"title": "Elezioni regionali 26 gennaio 2020 - Voti ai candidati di lista", "title_it": "Elezioni regionali 26 gennaio 2020 - Voti ai candidati di lista", "title_en": "Elezioni regionali 26 gennaio 2020 - Voti ai candidati di lista", "description": "<p>Elezioni regionali 26 gennaio 2020. Voti candidati di lista</p>", "description_it": "<p>Elezioni regionali 26 gennaio 2020. Voti candidati di lista</p>", "description_en": "<p>Elezioni regionali 26 gennaio 2020. Voti candidati di lista</p>", "theme": ["Regioni e citt\u00e0"], "theme_it": ["Regioni e citt\u00e0"], "theme_en": ["Regioni e citt\u00e0"], "keyword": null, "keyword_it": null, "keyword_en": null, "license": "CC BY 4.0", "license_it": "CC BY 4.0", "license_en": "CC BY 4.0", "license_url": "https://creativecommons.org/licenses/by/4.0/", "license_url_it": "https://creativecommons.org/licenses/by/4.0/", "license_url_en": "https://creativecommons.org/licenses/by/4.0/", "language": "it", "metadata_languages": ["it"], "timezone": ["Europe/Rome"], "modified": "2020-01-27T15:18:43+00:00", "modified_updates_on_metadata_change": false, "modified_updates_on_data_change": false, "data_processed": "2021-03-11T11:26:26.620000+00:00", "metadata_processed": "2025-03-20T11:50:29.915000+00:00", "geographic_reference": ["world_it"], "geographic_reference_auto": true, "territory": ["Italy"], "geometry_types": null, "bbox": null, "publisher": "Comune di Bologna", "publisher_it": "Comune di Bologna", "publisher_en": "Comune di Bologna", "references": null, "records_count": 445, "attributions": null, "source_domain": null, "source_domain_title": null, "source_domain_address": null, "source_dataset": null, "shared_catalog": null, "federated": false, "parent_domain": null, "update_frequency": null}}}}