{"links": [{"rel": "self", "href": "https://opendata.comune.bologna.it/api/v2/catalog/datasets/sportelli-sociali-utenti-annuali"}, {"rel": "datasets", "href": "https://opendata.comune.bologna.it/api/v2/catalog/datasets"}, {"rel": "records", "href": "https://opendata.comune.bologna.it/api/v2/catalog/datasets/sportelli-sociali-utenti-annuali/records"}, {"rel": "exports", "href": "https://opendata.comune.bologna.it/api/v2/catalog/datasets/sportelli-sociali-utenti-annuali/exports"}, {"rel": "facets", "href": "https://opendata.comune.bologna.it/api/v2/catalog/datasets/sportelli-sociali-utenti-annuali/facets"}], "dataset": {"visibility": "domain", "dataset_id": "sportelli-sociali-utenti-annuali", "dataset_uid": "da_ehr6g5", "has_records": true, "features": ["analyze", "timeserie"], "attachments": [], "alternative_exports": [], "data_visible": true, "fields": [{"name": "quartiere", "description": null, "annotations": {"facet": true, "facetsort": "alphanum"}, "label": "Quartiere", "type": "text", "label_it": "Quartiere", "label_en": "Quartiere", "description_it": null, "description_en": null}, {"name": "anno", "description": null, "annotations": {"facet": true, "timeserie_precision": "year", "facetsort": "-alphanum"}, "label": "Anno", "type": "date", "label_it": "Anno", "label_en": "Anno", "description_it": null, "description_en": null}, {"name": "anziani", "description": null, "annotations": {}, "label": "Anziani", "type": "int", "label_it": "Anziani", "label_en": "Anziani", "description_it": null, "description_en": null}, {"name": "famiglie_e_minori", "description": null, "annotations": {}, "label": "Famiglie e minori", "type": "int", "label_it": "Famiglie e minori", "label_en": "Famiglie e minori", "description_it": null, "description_en": null}, {"name": "disagio_adulto", "description": null, "annotations": {"facetsort": "-count"}, "label": "Disagio adulto", "type": "int", "label_it": "Disagio adulto", "label_en": "Disagio adulto", "description_it": null, "description_en": null}, {"name": "disabili", "description": null, "annotations": {"facetsort": "-count"}, "label": "Disabili", "type": "int", "label_it": "Disabili", "label_en": "Disabili", "description_it": null, "description_en": null}, {"name": "totale", "description": null, "annotations": {"facetsort": "-count"}, "label": "Totale", "type": "int", "label_it": "Totale", "label_en": "Totale", "description_it": null, "description_en": null}], "metas": {"dcat": {"created": null, "issued": null, "creator": null, "contributor": null, "contact_name": "Ufficio Dati e Open Data", "contact_email": "opendata@comune.bologna.it", "accrualperiodicity": "http://publications.europa.eu/resource/authority/frequency/ANNUAL", "spatial": null, "temporal": null, "granularity": null, "dataquality": null, "publisher_type": null, "conforms_to": null, "temporal_coverage_start": null, "temporal_coverage_end": null, "accessRights": null, "relation": null}, "semantic": {"rml_mapping": null, "classes": null, "properties": null}, "dcat_ap_it": {"publisher_id": null}, "default": {"title": "Sportelli Sociali - Utenti annuali", "title_it": "Sportelli Sociali - Utenti annuali", "title_en": "Sportelli Sociali - Utenti annuali", "description": "<p>Statistiche sulle utenze annuali con interventi per ciascun quartiere, suddivisi per target di utenza</p><hr><hr><hr><p></p>", "description_it": "<p>Statistiche sulle utenze annuali con interventi per ciascun quartiere, suddivisi per target di utenza</p><hr><hr><hr><p></p>", "description_en": "<p>Statistiche sulle utenze annuali con interventi per ciascun quartiere, suddivisi per target di utenza</p><hr><hr><hr><p></p>", "theme": ["Regioni e citt\u00e0", "Popolazione e societ\u00e0"], "theme_it": ["Regioni e citt\u00e0", "Popolazione e societ\u00e0"], "theme_en": ["Regioni e citt\u00e0", "Popolazione e societ\u00e0"], "keyword": [" PA alleata di cittadini e imprese", " Individui e Famiglie", " anziani", "Adolescenti Giovani"], "keyword_it": [" PA alleata di cittadini e imprese", " Individui e Famiglie", " anziani", "Adolescenti Giovani"], "keyword_en": [" PA alleata di cittadini e imprese", " Individui e Famiglie", " anziani", "Adolescenti Giovani"], "license": "CC BY 4.0", "license_it": "CC BY 4.0", "license_en": "CC BY 4.0", "license_url": "https://creativecommons.org/licenses/by/4.0/", "license_url_it": "https://creativecommons.org/licenses/by/4.0/", "license_url_en": "https://creativecommons.org/licenses/by/4.0/", "language": "it", "metadata_languages": ["it"], "timezone": null, "modified": "2024-12-31T21:44:46+00:00", "modified_updates_on_metadata_change": false, "modified_updates_on_data_change": false, "data_processed": "2025-08-04T11:37:38.582000+00:00", "metadata_processed": "2025-08-04T11:48:50.710000+00:00", "geographic_reference": ["world_it"], "geographic_reference_auto": true, "territory": ["Italy"], "geometry_types": null, "bbox": null, "publisher": null, "publisher_it": null, "publisher_en": null, "references": null, "records_count": 36, "attributions": null, "source_domain": null, "source_domain_title": null, "source_domain_address": null, "source_dataset": null, "shared_catalog": null, "federated": false, "parent_domain": null, "update_frequency": null}}}}