{"links": [{"rel": "self", "href": "https://opendata.comune.bologna.it/api/v2/catalog/datasets/zona-t-centro-storico"}, {"rel": "datasets", "href": "https://opendata.comune.bologna.it/api/v2/catalog/datasets"}, {"rel": "records", "href": "https://opendata.comune.bologna.it/api/v2/catalog/datasets/zona-t-centro-storico/records"}, {"rel": "exports", "href": "https://opendata.comune.bologna.it/api/v2/catalog/datasets/zona-t-centro-storico/exports"}, {"rel": "facets", "href": "https://opendata.comune.bologna.it/api/v2/catalog/datasets/zona-t-centro-storico/facets"}], "dataset": {"visibility": "domain", "dataset_id": "zona-t-centro-storico", "dataset_uid": "da_s7uwfj", "has_records": true, "features": ["geo", "analyze"], "attachments": [], "alternative_exports": [], "data_visible": true, "fields": [{"name": "geo_point_2d", "description": "Campo geografico", "annotations": {}, "label": "Geo Point", "type": "geo_point_2d", "label_it": "Geo Point", "label_en": "Geo Point", "description_it": "Campo geografico", "description_en": "Campo geografico"}, {"name": "geo_shape", "description": "Campo geografico", "annotations": {}, "label": "Geo Shape", "type": "geo_shape", "label_it": "Geo Shape", "label_en": "Geo Shape", "description_it": "Campo geografico", "description_en": "Campo geografico"}, {"name": "ente", "description": null, "annotations": {}, "label": "ente", "type": "text", "label_it": "ente", "label_en": "ente", "description_it": null, "description_en": null}, {"name": "codice", "description": null, "annotations": {}, "label": "codice", "type": "int", "label_it": "codice", "label_en": "codice", "description_it": null, "description_en": null}, {"name": "ordinanza", "description": null, "annotations": {}, "label": "ordinanza", "type": "text", "label_it": "ordinanza", "label_en": "ordinanza", "description_it": null, "description_en": null}, {"name": "stato", "description": null, "annotations": {}, "label": "stato", "type": "text", "label_it": "stato", "label_en": "stato", "description_it": null, "description_en": null}, {"name": "area", "description": "Area della zona T", "annotations": {}, "label": "area", "type": "int", "label_it": "area", "label_en": "area", "description_it": "Area della zona T", "description_en": "Area della zona T"}, {"name": "codarco1", "description": "Codice anagrafico del tratto di via", "annotations": {}, "label": "codarco1", "type": "int", "label_it": "codarco1", "label_en": "codarco1", "description_it": "Codice anagrafico del tratto di via", "description_en": "Codice anagrafico del tratto di via"}, {"name": "nomevia1", "description": "Nome della via", "annotations": {}, "label": "nomevia1", "type": "text", "label_it": "nomevia1", "label_en": "nomevia1", "description_it": "Nome della via", "description_en": "Nome della via"}, {"name": "codarco2", "description": "Codice anagrafico del tratto di via", "annotations": {}, "label": "codarco2", "type": "int", "label_it": "codarco2", "label_en": "codarco2", "description_it": "Codice anagrafico del tratto di via", "description_en": "Codice anagrafico del tratto di via"}, {"name": "nomevia2", "description": "Nome della via", "annotations": {}, "label": "nomevia2", "type": "text", "label_it": "nomevia2", "label_en": "nomevia2", "description_it": "Nome della via", "description_en": "Nome della via"}, {"name": "codarco3", "description": "Codice anagrafico del tratto di via", "annotations": {}, "label": "codarco3", "type": "int", "label_it": "codarco3", "label_en": "codarco3", "description_it": "Codice anagrafico del tratto di via", "description_en": "Codice anagrafico del tratto di via"}, {"name": "nomevia3", "description": "Nome della via", "annotations": {}, "label": "nomevia3", "type": "text", "label_it": "nomevia3", "label_en": "nomevia3", "description_it": "Nome della via", "description_en": "Nome della via"}, {"name": "codarco4", "description": "Codice anagrafico del tratto di via", "annotations": {}, "label": "codarco4", "type": "int", "label_it": "codarco4", "label_en": "codarco4", "description_it": "Codice anagrafico del tratto di via", "description_en": "Codice anagrafico del tratto di via"}, {"name": "nomevia4", "description": "Nome della via", "annotations": {}, "label": "nomevia4", "type": "text", "label_it": "nomevia4", "label_en": "nomevia4", "description_it": "Nome della via", "description_en": "Nome della via"}, {"name": "codarco5", "description": "Codice anagrafico del tratto di via", "annotations": {}, "label": "codarco5", "type": "int", "label_it": "codarco5", "label_en": "codarco5", "description_it": "Codice anagrafico del tratto di via", "description_en": "Codice anagrafico del tratto di via"}, {"name": "nomevia5", "description": "Nome della via", "annotations": {}, "label": "nomevia5", "type": "text", "label_it": "nomevia5", "label_en": "nomevia5", "description_it": "Nome della via", "description_en": "Nome della via"}, {"name": "codarco6", "description": "Codice anagrafico del tratto di via", "annotations": {}, "label": "codarco6", "type": "int", "label_it": "codarco6", "label_en": "codarco6", "description_it": "Codice anagrafico del tratto di via", "description_en": "Codice anagrafico del tratto di via"}, {"name": "nomevia6", "description": "Nome della via", "annotations": {}, "label": "nomevia6", "type": "text", "label_it": "nomevia6", "label_en": "nomevia6", "description_it": "Nome della via", "description_en": "Nome della via"}, {"name": "codarco7", "description": "Codice anagrafico del tratto di via", "annotations": {}, "label": "codarco7", "type": "int", "label_it": "codarco7", "label_en": "codarco7", "description_it": "Codice anagrafico del tratto di via", "description_en": "Codice anagrafico del tratto di via"}, {"name": "nomevia7", "description": "Nome della via", "annotations": {}, "label": "nomevia7", "type": "text", "label_it": "nomevia7", "label_en": "nomevia7", "description_it": "Nome della via", "description_en": "Nome della via"}, {"name": "iidd", "description": "Identificativo", "annotations": {}, "label": "iidd", "type": "int", "label_it": "iidd", "label_en": "iidd", "description_it": "Identificativo", "description_en": "Identificativo"}, {"name": "tipoztl", "description": "Tipo di zona a traffico limitato", "annotations": {}, "label": "TipoZTL", "type": "text", "label_it": "TipoZTL", "label_en": "TipoZTL", "description_it": "Tipo di zona a traffico limitato", "description_en": "Tipo di zona a traffico limitato"}], "metas": {"dcat": {"created": null, "issued": null, "creator": "Comune di Bologna", "contributor": null, "contact_name": "Ufficio Dati e Open Data", "contact_email": "opendata@comune.bologna.it", "accrualperiodicity": "http://publications.europa.eu/resource/authority/frequency/IRREG", "spatial": null, "temporal": null, "granularity": null, "dataquality": null, "publisher_type": null, "conforms_to": null, "temporal_coverage_start": null, "temporal_coverage_end": null, "accessRights": null, "relation": null}, "semantic": {"rml_mapping": null, "classes": null, "properties": null}, "dcat_ap_it": {"publisher_id": null}, "default": {"title": "Zona T centro storico", "title_it": "Zona T centro storico", "title_en": "Zona T centro storico", "description": "<p>La cosiddetta \"T\" \u00e8 situata nel cuore del centro storico di Bologna, in una zona di grande interesse turistico e monumentale che costituisce anche una delle zone commerciali pi\u00f9 vivaci della citt\u00e0. La sua denominazione nasce proprio dalla sua conformazione geografica, in quanto le tre strade rappresentano, viste in planimetria, una T capovolta.</p><p>La zona \"T\" comprende:</p><ol><li>via Rizzoli (tranne la semicarreggiata che da via Calzolerie porta verso piazza della Mercanzia)</li><li>via Ugo Bassi (tranne la semicarreggiata che da piazza Malpighi porta a via Testoni e quella che da via Nazario Sauro porta a via Marconi)</li><li>via Indipendenza (dall\u2019intersezione con Ugo Bassi e Rizzoli fino all\u2019intersezione con Righi e Falegnami)</li></ol><p>La \"T\" \u00e8 controllata, 24 ore su 24, dal sistema di telecontrollo RITA.</p>", "description_it": "<p>La cosiddetta \"T\" \u00e8 situata nel cuore del centro storico di Bologna, in una zona di grande interesse turistico e monumentale che costituisce anche una delle zone commerciali pi\u00f9 vivaci della citt\u00e0. La sua denominazione nasce proprio dalla sua conformazione geografica, in quanto le tre strade rappresentano, viste in planimetria, una T capovolta.</p><p>La zona \"T\" comprende:</p><ol><li>via Rizzoli (tranne la semicarreggiata che da via Calzolerie porta verso piazza della Mercanzia)</li><li>via Ugo Bassi (tranne la semicarreggiata che da piazza Malpighi porta a via Testoni e quella che da via Nazario Sauro porta a via Marconi)</li><li>via Indipendenza (dall\u2019intersezione con Ugo Bassi e Rizzoli fino all\u2019intersezione con Righi e Falegnami)</li></ol><p>La \"T\" \u00e8 controllata, 24 ore su 24, dal sistema di telecontrollo RITA.</p>", "description_en": "<p>La cosiddetta \"T\" \u00e8 situata nel cuore del centro storico di Bologna, in una zona di grande interesse turistico e monumentale che costituisce anche una delle zone commerciali pi\u00f9 vivaci della citt\u00e0. La sua denominazione nasce proprio dalla sua conformazione geografica, in quanto le tre strade rappresentano, viste in planimetria, una T capovolta.</p><p>La zona \"T\" comprende:</p><ol><li>via Rizzoli (tranne la semicarreggiata che da via Calzolerie porta verso piazza della Mercanzia)</li><li>via Ugo Bassi (tranne la semicarreggiata che da piazza Malpighi porta a via Testoni e quella che da via Nazario Sauro porta a via Marconi)</li><li>via Indipendenza (dall\u2019intersezione con Ugo Bassi e Rizzoli fino all\u2019intersezione con Righi e Falegnami)</li></ol><p>La \"T\" \u00e8 controllata, 24 ore su 24, dal sistema di telecontrollo RITA.</p>", "theme": ["Regioni e citt\u00e0"], "theme_it": ["Regioni e citt\u00e0"], "theme_en": ["Regioni e citt\u00e0"], "keyword": ["Mobilit\u00e0 persone e merci"], "keyword_it": ["Mobilit\u00e0 persone e merci"], "keyword_en": ["Mobilit\u00e0 persone e merci"], "license": "CC BY 4.0", "license_it": "CC BY 4.0", "license_en": "CC BY 4.0", "license_url": "https://creativecommons.org/licenses/by/4.0/", "license_url_it": "https://creativecommons.org/licenses/by/4.0/", "license_url_en": "https://creativecommons.org/licenses/by/4.0/", "language": "it", "metadata_languages": ["it"], "timezone": ["Europe/Rome"], "modified": "2021-05-28T12:38:47+00:00", "modified_updates_on_metadata_change": false, "modified_updates_on_data_change": false, "data_processed": "2025-05-08T12:34:41.595000+00:00", "metadata_processed": "2025-05-08T12:34:41.653000+00:00", "geographic_reference": ["it_80_037006"], "geographic_reference_auto": true, "territory": ["Bologna"], "geometry_types": ["Polygon"], "bbox": {"type": "Feature", "geometry": {"coordinates": [[[11.346399346366525, 44.499025382101536], [11.337733045220375, 44.499025382101536], [11.337733045220375, 44.494173559360206], [11.346399346366525, 44.494173559360206], [11.346399346366525, 44.499025382101536]]], "type": "Polygon"}, "properties": {}}, "publisher": "Comune di Bologna", "publisher_it": "Comune di Bologna", "publisher_en": "Comune di Bologna", "references": null, "records_count": 1, "attributions": null, "source_domain": null, "source_domain_title": null, "source_domain_address": null, "source_dataset": null, "shared_catalog": null, "federated": false, "parent_domain": null, "update_frequency": null}}}}